{"id":192,"date":"2022-02-24T18:15:50","date_gmt":"2022-02-24T17:15:50","guid":{"rendered":"https:\/\/www.vilellarecicla.com\/?p=192"},"modified":"2022-03-01T18:17:41","modified_gmt":"2022-03-01T17:17:41","slug":"mai-abandonis-un-plastic-pot-tenir-moltes-vides","status":"publish","type":"post","link":"https:\/\/www.vilellarecicla.com\/ca\/mai-abandonis-un-plastic-pot-tenir-moltes-vides\/","title":{"rendered":"Mai abandonis un pl\u00e0stic, pot tenir moltes vides!"},"content":{"rendered":"\n<p>A Vilella Recicla cada dia sotmetem el pl\u00e0stic a un proc\u00e9s de tractament consistent en la classificaci\u00f3, premsat i embalatge, per tal que s\u2019aprofiti com a mat\u00e8ria primera per a la fabricaci\u00f3 de nous productes. Altres residus pl\u00e0stics es convertiran en combustible alternatiu per generar energia que redueixi les emissions de gasos. Aix\u00ed aconseguim que aquest material tingui tantes vides com es pugui, fomentem l\u2019economia circular i cuidem el medi ambient.<\/p>\n","protected":false},"excerpt":{"rendered":"<p>A Vilella Recicla cada dia sotmetem el pl\u00e0stic a un proc\u00e9s de tractament consistent en la classificaci\u00f3, premsat i embalatge, per tal que s\u2019aprofiti com a mat\u00e8ria primera per a la fabricaci\u00f3 de nous productes. Altres residus pl\u00e0stics es convertiran en combustible alternatiu per generar energia que redueixi les emissions de gasos. Aix\u00ed aconseguim que [&hellip;]<\/p>\n","protected":false},"author":1,"featured_media":331,"comment_status":"closed","ping_status":"closed","sticky":false,"template":"","format":"standard","meta":{"footnotes":""},"categories":[1],"tags":[],"class_list":["post-192","post","type-post","status-publish","format-standard","has-post-thumbnail","hentry","category-actualitat"],"yoast_head":"<!-- This site is optimized with the Yoast SEO plugin v27.4 - https:\/\/yoast.com\/product\/yoast-seo-wordpress\/ -->\n<title>Mai abandonis un pl\u00e0stic, pot tenir moltes vides! - Vilella Recicla<\/title>\n<meta name=\"robots\" content=\"index, follow, max-snippet:-1, max-image-preview:large, max-video-preview:-1\" \/>\n<link rel=\"canonical\" href=\"https:\/\/www.vilellarecicla.com\/ca\/mai-abandonis-un-plastic-pot-tenir-moltes-vides\/\" \/>\n<meta property=\"og:locale\" content=\"ca_ES\" \/>\n<meta property=\"og:type\" content=\"article\" \/>\n<meta property=\"og:title\" content=\"Mai abandonis un pl\u00e0stic, pot tenir moltes vides! - Vilella Recicla\" \/>\n<meta property=\"og:description\" content=\"A Vilella Recicla cada dia sotmetem el pl\u00e0stic a un proc\u00e9s de tractament consistent en la classificaci\u00f3, premsat i embalatge, per tal que s\u2019aprofiti com a mat\u00e8ria primera per a la fabricaci\u00f3 de nous productes. Altres residus pl\u00e0stics es convertiran en combustible alternatiu per generar energia que redueixi les emissions de gasos. Aix\u00ed aconseguim que [&hellip;]\" \/>\n<meta property=\"og:url\" content=\"https:\/\/www.vilellarecicla.com\/ca\/mai-abandonis-un-plastic-pot-tenir-moltes-vides\/\" \/>\n<meta property=\"og:site_name\" content=\"Vilella Recicla\" \/>\n<meta property=\"article:published_time\" content=\"2022-02-24T17:15:50+00:00\" \/>\n<meta property=\"article:modified_time\" content=\"2022-03-01T17:17:41+00:00\" \/>\n<meta property=\"og:image\" content=\"https:\/\/www.vilellarecicla.com\/ca\/wp-content\/uploads\/sites\/4\/noticia1.jpg\" \/>\n\t<meta property=\"og:image:width\" content=\"1000\" \/>\n\t<meta property=\"og:image:height\" content=\"750\" \/>\n\t<meta property=\"og:image:type\" content=\"image\/jpeg\" \/>\n<meta name=\"author\" content=\"calzbert\" \/>\n<meta name=\"twitter:card\" content=\"summary_large_image\" \/>\n<meta name=\"twitter:label1\" content=\"Escrit per\" \/>\n\t<meta name=\"twitter:data1\" content=\"calzbert\" \/>\n<script type=\"application\/ld+json\" class=\"yoast-schema-graph\">{\"@context\":\"https:\\\/\\\/schema.org\",\"@graph\":[{\"@type\":\"Article\",\"@id\":\"https:\\\/\\\/www.vilellarecicla.com\\\/ca\\\/mai-abandonis-un-plastic-pot-tenir-moltes-vides\\\/#article\",\"isPartOf\":{\"@id\":\"https:\\\/\\\/www.vilellarecicla.com\\\/ca\\\/mai-abandonis-un-plastic-pot-tenir-moltes-vides\\\/\"},\"author\":{\"name\":\"calzbert\",\"@id\":\"https:\\\/\\\/www.vilellarecicla.com\\\/ca\\\/#\\\/schema\\\/person\\\/9e267f5965841e2ab22c3f9162bed98e\"},\"headline\":\"Mai abandonis un pl\u00e0stic, pot tenir moltes vides!\",\"datePublished\":\"2022-02-24T17:15:50+00:00\",\"dateModified\":\"2022-03-01T17:17:41+00:00\",\"mainEntityOfPage\":{\"@id\":\"https:\\\/\\\/www.vilellarecicla.com\\\/ca\\\/mai-abandonis-un-plastic-pot-tenir-moltes-vides\\\/\"},\"wordCount\":86,\"publisher\":{\"@id\":\"https:\\\/\\\/www.vilellarecicla.com\\\/ca\\\/#organization\"},\"image\":{\"@id\":\"https:\\\/\\\/www.vilellarecicla.com\\\/ca\\\/mai-abandonis-un-plastic-pot-tenir-moltes-vides\\\/#primaryimage\"},\"thumbnailUrl\":\"https:\\\/\\\/www.vilellarecicla.com\\\/ca\\\/wp-content\\\/uploads\\\/sites\\\/4\\\/noticia1.jpg\",\"articleSection\":[\"Actualitat\"],\"inLanguage\":\"ca\"},{\"@type\":\"WebPage\",\"@id\":\"https:\\\/\\\/www.vilellarecicla.com\\\/ca\\\/mai-abandonis-un-plastic-pot-tenir-moltes-vides\\\/\",\"url\":\"https:\\\/\\\/www.vilellarecicla.com\\\/ca\\\/mai-abandonis-un-plastic-pot-tenir-moltes-vides\\\/\",\"name\":\"Mai abandonis un pl\u00e0stic, pot tenir moltes vides! - Vilella Recicla\",\"isPartOf\":{\"@id\":\"https:\\\/\\\/www.vilellarecicla.com\\\/ca\\\/#website\"},\"primaryImageOfPage\":{\"@id\":\"https:\\\/\\\/www.vilellarecicla.com\\\/ca\\\/mai-abandonis-un-plastic-pot-tenir-moltes-vides\\\/#primaryimage\"},\"image\":{\"@id\":\"https:\\\/\\\/www.vilellarecicla.com\\\/ca\\\/mai-abandonis-un-plastic-pot-tenir-moltes-vides\\\/#primaryimage\"},\"thumbnailUrl\":\"https:\\\/\\\/www.vilellarecicla.com\\\/ca\\\/wp-content\\\/uploads\\\/sites\\\/4\\\/noticia1.jpg\",\"datePublished\":\"2022-02-24T17:15:50+00:00\",\"dateModified\":\"2022-03-01T17:17:41+00:00\",\"breadcrumb\":{\"@id\":\"https:\\\/\\\/www.vilellarecicla.com\\\/ca\\\/mai-abandonis-un-plastic-pot-tenir-moltes-vides\\\/#breadcrumb\"},\"inLanguage\":\"ca\",\"potentialAction\":[{\"@type\":\"ReadAction\",\"target\":[\"https:\\\/\\\/www.vilellarecicla.com\\\/ca\\\/mai-abandonis-un-plastic-pot-tenir-moltes-vides\\\/\"]}]},{\"@type\":\"ImageObject\",\"inLanguage\":\"ca\",\"@id\":\"https:\\\/\\\/www.vilellarecicla.com\\\/ca\\\/mai-abandonis-un-plastic-pot-tenir-moltes-vides\\\/#primaryimage\",\"url\":\"https:\\\/\\\/www.vilellarecicla.com\\\/ca\\\/wp-content\\\/uploads\\\/sites\\\/4\\\/noticia1.jpg\",\"contentUrl\":\"https:\\\/\\\/www.vilellarecicla.com\\\/ca\\\/wp-content\\\/uploads\\\/sites\\\/4\\\/noticia1.jpg\",\"width\":1000,\"height\":750},{\"@type\":\"BreadcrumbList\",\"@id\":\"https:\\\/\\\/www.vilellarecicla.com\\\/ca\\\/mai-abandonis-un-plastic-pot-tenir-moltes-vides\\\/#breadcrumb\",\"itemListElement\":[{\"@type\":\"ListItem\",\"position\":1,\"name\":\"Inici\",\"item\":\"https:\\\/\\\/www.vilellarecicla.com\\\/ca\\\/\"},{\"@type\":\"ListItem\",\"position\":2,\"name\":\"Mai abandonis un pl\u00e0stic, pot tenir moltes vides!\"}]},{\"@type\":\"WebSite\",\"@id\":\"https:\\\/\\\/www.vilellarecicla.com\\\/ca\\\/#website\",\"url\":\"https:\\\/\\\/www.vilellarecicla.com\\\/ca\\\/\",\"name\":\"Vilella Recicla\",\"description\":\"Transformem residus en recursos\",\"publisher\":{\"@id\":\"https:\\\/\\\/www.vilellarecicla.com\\\/ca\\\/#organization\"},\"potentialAction\":[{\"@type\":\"SearchAction\",\"target\":{\"@type\":\"EntryPoint\",\"urlTemplate\":\"https:\\\/\\\/www.vilellarecicla.com\\\/ca\\\/?s={search_term_string}\"},\"query-input\":{\"@type\":\"PropertyValueSpecification\",\"valueRequired\":true,\"valueName\":\"search_term_string\"}}],\"inLanguage\":\"ca\"},{\"@type\":\"Organization\",\"@id\":\"https:\\\/\\\/www.vilellarecicla.com\\\/ca\\\/#organization\",\"name\":\"Vilella Recicla\",\"url\":\"https:\\\/\\\/www.vilellarecicla.com\\\/ca\\\/\",\"logo\":{\"@type\":\"ImageObject\",\"inLanguage\":\"ca\",\"@id\":\"https:\\\/\\\/www.vilellarecicla.com\\\/ca\\\/#\\\/schema\\\/logo\\\/image\\\/\",\"url\":\"https:\\\/\\\/www.vilellarecicla.com\\\/ca\\\/wp-content\\\/uploads\\\/sites\\\/4\\\/logo-Vilella_horitzontal.svg\",\"contentUrl\":\"https:\\\/\\\/www.vilellarecicla.com\\\/ca\\\/wp-content\\\/uploads\\\/sites\\\/4\\\/logo-Vilella_horitzontal.svg\",\"width\":777,\"height\":153,\"caption\":\"Vilella Recicla\"},\"image\":{\"@id\":\"https:\\\/\\\/www.vilellarecicla.com\\\/ca\\\/#\\\/schema\\\/logo\\\/image\\\/\"}},{\"@type\":\"Person\",\"@id\":\"https:\\\/\\\/www.vilellarecicla.com\\\/ca\\\/#\\\/schema\\\/person\\\/9e267f5965841e2ab22c3f9162bed98e\",\"name\":\"calzbert\",\"image\":{\"@type\":\"ImageObject\",\"inLanguage\":\"ca\",\"@id\":\"https:\\\/\\\/secure.gravatar.com\\\/avatar\\\/8308968730156d803928d4e2ae35f47131453f7621f4b4a95014be6878e51f76?s=96&d=mm&r=g\",\"url\":\"https:\\\/\\\/secure.gravatar.com\\\/avatar\\\/8308968730156d803928d4e2ae35f47131453f7621f4b4a95014be6878e51f76?s=96&d=mm&r=g\",\"contentUrl\":\"https:\\\/\\\/secure.gravatar.com\\\/avatar\\\/8308968730156d803928d4e2ae35f47131453f7621f4b4a95014be6878e51f76?s=96&d=mm&r=g\",\"caption\":\"calzbert\"},\"sameAs\":[\"https:\\\/\\\/www.vilellarecicla.com\"]}]}<\/script>\n<!-- \/ Yoast SEO plugin. -->","yoast_head_json":{"title":"Mai abandonis un pl\u00e0stic, pot tenir moltes vides! - Vilella Recicla","robots":{"index":"index","follow":"follow","max-snippet":"max-snippet:-1","max-image-preview":"max-image-preview:large","max-video-preview":"max-video-preview:-1"},"canonical":"https:\/\/www.vilellarecicla.com\/ca\/mai-abandonis-un-plastic-pot-tenir-moltes-vides\/","og_locale":"ca_ES","og_type":"article","og_title":"Mai abandonis un pl\u00e0stic, pot tenir moltes vides! - Vilella Recicla","og_description":"A Vilella Recicla cada dia sotmetem el pl\u00e0stic a un proc\u00e9s de tractament consistent en la classificaci\u00f3, premsat i embalatge, per tal que s\u2019aprofiti com a mat\u00e8ria primera per a la fabricaci\u00f3 de nous productes. Altres residus pl\u00e0stics es convertiran en combustible alternatiu per generar energia que redueixi les emissions de gasos. Aix\u00ed aconseguim que [&hellip;]","og_url":"https:\/\/www.vilellarecicla.com\/ca\/mai-abandonis-un-plastic-pot-tenir-moltes-vides\/","og_site_name":"Vilella Recicla","article_published_time":"2022-02-24T17:15:50+00:00","article_modified_time":"2022-03-01T17:17:41+00:00","og_image":[{"width":1000,"height":750,"url":"https:\/\/www.vilellarecicla.com\/ca\/wp-content\/uploads\/sites\/4\/noticia1.jpg","type":"image\/jpeg"}],"author":"calzbert","twitter_card":"summary_large_image","twitter_misc":{"Escrit per":"calzbert"},"schema":{"@context":"https:\/\/schema.org","@graph":[{"@type":"Article","@id":"https:\/\/www.vilellarecicla.com\/ca\/mai-abandonis-un-plastic-pot-tenir-moltes-vides\/#article","isPartOf":{"@id":"https:\/\/www.vilellarecicla.com\/ca\/mai-abandonis-un-plastic-pot-tenir-moltes-vides\/"},"author":{"name":"calzbert","@id":"https:\/\/www.vilellarecicla.com\/ca\/#\/schema\/person\/9e267f5965841e2ab22c3f9162bed98e"},"headline":"Mai abandonis un pl\u00e0stic, pot tenir moltes vides!","datePublished":"2022-02-24T17:15:50+00:00","dateModified":"2022-03-01T17:17:41+00:00","mainEntityOfPage":{"@id":"https:\/\/www.vilellarecicla.com\/ca\/mai-abandonis-un-plastic-pot-tenir-moltes-vides\/"},"wordCount":86,"publisher":{"@id":"https:\/\/www.vilellarecicla.com\/ca\/#organization"},"image":{"@id":"https:\/\/www.vilellarecicla.com\/ca\/mai-abandonis-un-plastic-pot-tenir-moltes-vides\/#primaryimage"},"thumbnailUrl":"https:\/\/www.vilellarecicla.com\/ca\/wp-content\/uploads\/sites\/4\/noticia1.jpg","articleSection":["Actualitat"],"inLanguage":"ca"},{"@type":"WebPage","@id":"https:\/\/www.vilellarecicla.com\/ca\/mai-abandonis-un-plastic-pot-tenir-moltes-vides\/","url":"https:\/\/www.vilellarecicla.com\/ca\/mai-abandonis-un-plastic-pot-tenir-moltes-vides\/","name":"Mai abandonis un pl\u00e0stic, pot tenir moltes vides! - Vilella Recicla","isPartOf":{"@id":"https:\/\/www.vilellarecicla.com\/ca\/#website"},"primaryImageOfPage":{"@id":"https:\/\/www.vilellarecicla.com\/ca\/mai-abandonis-un-plastic-pot-tenir-moltes-vides\/#primaryimage"},"image":{"@id":"https:\/\/www.vilellarecicla.com\/ca\/mai-abandonis-un-plastic-pot-tenir-moltes-vides\/#primaryimage"},"thumbnailUrl":"https:\/\/www.vilellarecicla.com\/ca\/wp-content\/uploads\/sites\/4\/noticia1.jpg","datePublished":"2022-02-24T17:15:50+00:00","dateModified":"2022-03-01T17:17:41+00:00","breadcrumb":{"@id":"https:\/\/www.vilellarecicla.com\/ca\/mai-abandonis-un-plastic-pot-tenir-moltes-vides\/#breadcrumb"},"inLanguage":"ca","potentialAction":[{"@type":"ReadAction","target":["https:\/\/www.vilellarecicla.com\/ca\/mai-abandonis-un-plastic-pot-tenir-moltes-vides\/"]}]},{"@type":"ImageObject","inLanguage":"ca","@id":"https:\/\/www.vilellarecicla.com\/ca\/mai-abandonis-un-plastic-pot-tenir-moltes-vides\/#primaryimage","url":"https:\/\/www.vilellarecicla.com\/ca\/wp-content\/uploads\/sites\/4\/noticia1.jpg","contentUrl":"https:\/\/www.vilellarecicla.com\/ca\/wp-content\/uploads\/sites\/4\/noticia1.jpg","width":1000,"height":750},{"@type":"BreadcrumbList","@id":"https:\/\/www.vilellarecicla.com\/ca\/mai-abandonis-un-plastic-pot-tenir-moltes-vides\/#breadcrumb","itemListElement":[{"@type":"ListItem","position":1,"name":"Inici","item":"https:\/\/www.vilellarecicla.com\/ca\/"},{"@type":"ListItem","position":2,"name":"Mai abandonis un pl\u00e0stic, pot tenir moltes vides!"}]},{"@type":"WebSite","@id":"https:\/\/www.vilellarecicla.com\/ca\/#website","url":"https:\/\/www.vilellarecicla.com\/ca\/","name":"Vilella Recicla","description":"Transformem residus en recursos","publisher":{"@id":"https:\/\/www.vilellarecicla.com\/ca\/#organization"},"potentialAction":[{"@type":"SearchAction","target":{"@type":"EntryPoint","urlTemplate":"https:\/\/www.vilellarecicla.com\/ca\/?s={search_term_string}"},"query-input":{"@type":"PropertyValueSpecification","valueRequired":true,"valueName":"search_term_string"}}],"inLanguage":"ca"},{"@type":"Organization","@id":"https:\/\/www.vilellarecicla.com\/ca\/#organization","name":"Vilella Recicla","url":"https:\/\/www.vilellarecicla.com\/ca\/","logo":{"@type":"ImageObject","inLanguage":"ca","@id":"https:\/\/www.vilellarecicla.com\/ca\/#\/schema\/logo\/image\/","url":"https:\/\/www.vilellarecicla.com\/ca\/wp-content\/uploads\/sites\/4\/logo-Vilella_horitzontal.svg","contentUrl":"https:\/\/www.vilellarecicla.com\/ca\/wp-content\/uploads\/sites\/4\/logo-Vilella_horitzontal.svg","width":777,"height":153,"caption":"Vilella Recicla"},"image":{"@id":"https:\/\/www.vilellarecicla.com\/ca\/#\/schema\/logo\/image\/"}},{"@type":"Person","@id":"https:\/\/www.vilellarecicla.com\/ca\/#\/schema\/person\/9e267f5965841e2ab22c3f9162bed98e","name":"calzbert","image":{"@type":"ImageObject","inLanguage":"ca","@id":"https:\/\/secure.gravatar.com\/avatar\/8308968730156d803928d4e2ae35f47131453f7621f4b4a95014be6878e51f76?s=96&d=mm&r=g","url":"https:\/\/secure.gravatar.com\/avatar\/8308968730156d803928d4e2ae35f47131453f7621f4b4a95014be6878e51f76?s=96&d=mm&r=g","contentUrl":"https:\/\/secure.gravatar.com\/avatar\/8308968730156d803928d4e2ae35f47131453f7621f4b4a95014be6878e51f76?s=96&d=mm&r=g","caption":"calzbert"},"sameAs":["https:\/\/www.vilellarecicla.com"]}]}},"_links":{"self":[{"href":"https:\/\/www.vilellarecicla.com\/ca\/wp-json\/wp\/v2\/posts\/192","targetHints":{"allow":["GET"]}}],"collection":[{"href":"https:\/\/www.vilellarecicla.com\/ca\/wp-json\/wp\/v2\/posts"}],"about":[{"href":"https:\/\/www.vilellarecicla.com\/ca\/wp-json\/wp\/v2\/types\/post"}],"author":[{"embeddable":true,"href":"https:\/\/www.vilellarecicla.com\/ca\/wp-json\/wp\/v2\/users\/1"}],"replies":[{"embeddable":true,"href":"https:\/\/www.vilellarecicla.com\/ca\/wp-json\/wp\/v2\/comments?post=192"}],"version-history":[{"count":3,"href":"https:\/\/www.vilellarecicla.com\/ca\/wp-json\/wp\/v2\/posts\/192\/revisions"}],"predecessor-version":[{"id":342,"href":"https:\/\/www.vilellarecicla.com\/ca\/wp-json\/wp\/v2\/posts\/192\/revisions\/342"}],"wp:featuredmedia":[{"embeddable":true,"href":"https:\/\/www.vilellarecicla.com\/ca\/wp-json\/wp\/v2\/media\/331"}],"wp:attachment":[{"href":"https:\/\/www.vilellarecicla.com\/ca\/wp-json\/wp\/v2\/media?parent=192"}],"wp:term":[{"taxonomy":"category","embeddable":true,"href":"https:\/\/www.vilellarecicla.com\/ca\/wp-json\/wp\/v2\/categories?post=192"},{"taxonomy":"post_tag","embeddable":true,"href":"https:\/\/www.vilellarecicla.com\/ca\/wp-json\/wp\/v2\/tags?post=192"}],"curies":[{"name":"wp","href":"https:\/\/api.w.org\/{rel}","templated":true}]}}