{"id":784,"date":"2023-11-21T22:44:59","date_gmt":"2023-11-21T21:44:59","guid":{"rendered":"https:\/\/www.vilellarecicla.com\/ca\/?p=784"},"modified":"2023-11-21T22:45:01","modified_gmt":"2023-11-21T21:45:01","slug":"signem-un-conveni-amb-el-gremi-dinstalladors-de-lleida","status":"publish","type":"post","link":"https:\/\/www.vilellarecicla.com\/ca\/signem-un-conveni-amb-el-gremi-dinstalladors-de-lleida\/","title":{"rendered":"Signem un conveni amb el Gremi d&#8217;Instal\u00b7ladors de Lleida"},"content":{"rendered":"\n<p>Els instal\u00b7ladors de Lleida que pertanyen al Gremi d\u2019Instal\u00b7ladors de Lleida ja disposen d\u2019unes condicions preferents en la gesti\u00f3 de residus a Vilella Recicla. Gr\u00e0cies al conveni de col\u00b7laboraci\u00f3 que hem signat, posem a disposici\u00f3 dels agremiats els nostres serveis de recollida i valoritzaci\u00f3 de residus RAEE, residus t\u00edpics com pl\u00e0stics i derivats, ferralla, alumini, coure, inox, llaut\u00f3, motors\u2026 Oferim la gesti\u00f3 del contracte de residus, l\u2019assessorament en medi ambient a c\u00e0rrec del nostre departament, informaci\u00f3 del DARI i la millor soluci\u00f3 per complir amb les normatives vigents. No dubtis a preguntar-nos qualsevol consulta que ens vulguis fer (Tel. 973 201 206). Gr\u00e0cies per confiar en nosaltres!\u00a0<\/p>\n","protected":false},"excerpt":{"rendered":"<p>Els instal\u00b7ladors de Lleida que pertanyen al Gremi d\u2019Instal\u00b7ladors de Lleida ja disposen d\u2019unes condicions preferents en la gesti\u00f3 de residus a Vilella Recicla. Gr\u00e0cies al conveni de col\u00b7laboraci\u00f3 que hem signat, posem a disposici\u00f3 dels agremiats els nostres serveis de recollida i valoritzaci\u00f3 de residus RAEE, residus t\u00edpics com pl\u00e0stics i derivats, ferralla, alumini, [&hellip;]<\/p>\n","protected":false},"author":1,"featured_media":785,"comment_status":"closed","ping_status":"closed","sticky":false,"template":"","format":"standard","meta":{"footnotes":""},"categories":[1],"tags":[],"class_list":["post-784","post","type-post","status-publish","format-standard","has-post-thumbnail","hentry","category-actualitat"],"yoast_head":"<!-- This site is optimized with the Yoast SEO plugin v27.5 - https:\/\/yoast.com\/product\/yoast-seo-wordpress\/ -->\n<title>Signem un conveni amb el Gremi d&#039;Instal\u00b7ladors de Lleida - Vilella Recicla<\/title>\n<meta name=\"robots\" content=\"index, follow, max-snippet:-1, max-image-preview:large, max-video-preview:-1\" \/>\n<link rel=\"canonical\" href=\"https:\/\/www.vilellarecicla.com\/ca\/signem-un-conveni-amb-el-gremi-dinstalladors-de-lleida\/\" \/>\n<meta property=\"og:locale\" content=\"ca_ES\" \/>\n<meta property=\"og:type\" content=\"article\" \/>\n<meta property=\"og:title\" content=\"Signem un conveni amb el Gremi d&#039;Instal\u00b7ladors de Lleida - Vilella Recicla\" \/>\n<meta property=\"og:description\" content=\"Els instal\u00b7ladors de Lleida que pertanyen al Gremi d\u2019Instal\u00b7ladors de Lleida ja disposen d\u2019unes condicions preferents en la gesti\u00f3 de residus a Vilella Recicla. Gr\u00e0cies al conveni de col\u00b7laboraci\u00f3 que hem signat, posem a disposici\u00f3 dels agremiats els nostres serveis de recollida i valoritzaci\u00f3 de residus RAEE, residus t\u00edpics com pl\u00e0stics i derivats, ferralla, alumini, [&hellip;]\" \/>\n<meta property=\"og:url\" content=\"https:\/\/www.vilellarecicla.com\/ca\/signem-un-conveni-amb-el-gremi-dinstalladors-de-lleida\/\" \/>\n<meta property=\"og:site_name\" content=\"Vilella Recicla\" \/>\n<meta property=\"article:published_time\" content=\"2023-11-21T21:44:59+00:00\" \/>\n<meta property=\"article:modified_time\" content=\"2023-11-21T21:45:01+00:00\" \/>\n<meta property=\"og:image\" content=\"https:\/\/www.vilellarecicla.com\/ca\/wp-content\/uploads\/sites\/4\/img-20230612-132124.jpg\" \/>\n\t<meta property=\"og:image:width\" content=\"1000\" \/>\n\t<meta property=\"og:image:height\" content=\"775\" \/>\n\t<meta property=\"og:image:type\" content=\"image\/jpeg\" \/>\n<meta name=\"author\" content=\"calzbert\" \/>\n<meta name=\"twitter:card\" content=\"summary_large_image\" \/>\n<meta name=\"twitter:label1\" content=\"Escrit per\" \/>\n\t<meta name=\"twitter:data1\" content=\"calzbert\" \/>\n\t<meta name=\"twitter:label2\" content=\"Temps estimat de lectura\" \/>\n\t<meta name=\"twitter:data2\" content=\"1 minut\" \/>\n<script type=\"application\/ld+json\" class=\"yoast-schema-graph\">{\"@context\":\"https:\\\/\\\/schema.org\",\"@graph\":[{\"@type\":\"Article\",\"@id\":\"https:\\\/\\\/www.vilellarecicla.com\\\/ca\\\/signem-un-conveni-amb-el-gremi-dinstalladors-de-lleida\\\/#article\",\"isPartOf\":{\"@id\":\"https:\\\/\\\/www.vilellarecicla.com\\\/ca\\\/signem-un-conveni-amb-el-gremi-dinstalladors-de-lleida\\\/\"},\"author\":{\"name\":\"calzbert\",\"@id\":\"https:\\\/\\\/www.vilellarecicla.com\\\/ca\\\/#\\\/schema\\\/person\\\/9e267f5965841e2ab22c3f9162bed98e\"},\"headline\":\"Signem un conveni amb el Gremi d&#8217;Instal\u00b7ladors de Lleida\",\"datePublished\":\"2023-11-21T21:44:59+00:00\",\"dateModified\":\"2023-11-21T21:45:01+00:00\",\"mainEntityOfPage\":{\"@id\":\"https:\\\/\\\/www.vilellarecicla.com\\\/ca\\\/signem-un-conveni-amb-el-gremi-dinstalladors-de-lleida\\\/\"},\"wordCount\":126,\"publisher\":{\"@id\":\"https:\\\/\\\/www.vilellarecicla.com\\\/ca\\\/#organization\"},\"image\":{\"@id\":\"https:\\\/\\\/www.vilellarecicla.com\\\/ca\\\/signem-un-conveni-amb-el-gremi-dinstalladors-de-lleida\\\/#primaryimage\"},\"thumbnailUrl\":\"https:\\\/\\\/www.vilellarecicla.com\\\/ca\\\/wp-content\\\/uploads\\\/sites\\\/4\\\/img-20230612-132124.jpg\",\"articleSection\":[\"Actualitat\"],\"inLanguage\":\"ca\"},{\"@type\":\"WebPage\",\"@id\":\"https:\\\/\\\/www.vilellarecicla.com\\\/ca\\\/signem-un-conveni-amb-el-gremi-dinstalladors-de-lleida\\\/\",\"url\":\"https:\\\/\\\/www.vilellarecicla.com\\\/ca\\\/signem-un-conveni-amb-el-gremi-dinstalladors-de-lleida\\\/\",\"name\":\"Signem un conveni amb el Gremi d'Instal\u00b7ladors de Lleida - Vilella Recicla\",\"isPartOf\":{\"@id\":\"https:\\\/\\\/www.vilellarecicla.com\\\/ca\\\/#website\"},\"primaryImageOfPage\":{\"@id\":\"https:\\\/\\\/www.vilellarecicla.com\\\/ca\\\/signem-un-conveni-amb-el-gremi-dinstalladors-de-lleida\\\/#primaryimage\"},\"image\":{\"@id\":\"https:\\\/\\\/www.vilellarecicla.com\\\/ca\\\/signem-un-conveni-amb-el-gremi-dinstalladors-de-lleida\\\/#primaryimage\"},\"thumbnailUrl\":\"https:\\\/\\\/www.vilellarecicla.com\\\/ca\\\/wp-content\\\/uploads\\\/sites\\\/4\\\/img-20230612-132124.jpg\",\"datePublished\":\"2023-11-21T21:44:59+00:00\",\"dateModified\":\"2023-11-21T21:45:01+00:00\",\"breadcrumb\":{\"@id\":\"https:\\\/\\\/www.vilellarecicla.com\\\/ca\\\/signem-un-conveni-amb-el-gremi-dinstalladors-de-lleida\\\/#breadcrumb\"},\"inLanguage\":\"ca\",\"potentialAction\":[{\"@type\":\"ReadAction\",\"target\":[\"https:\\\/\\\/www.vilellarecicla.com\\\/ca\\\/signem-un-conveni-amb-el-gremi-dinstalladors-de-lleida\\\/\"]}]},{\"@type\":\"ImageObject\",\"inLanguage\":\"ca\",\"@id\":\"https:\\\/\\\/www.vilellarecicla.com\\\/ca\\\/signem-un-conveni-amb-el-gremi-dinstalladors-de-lleida\\\/#primaryimage\",\"url\":\"https:\\\/\\\/www.vilellarecicla.com\\\/ca\\\/wp-content\\\/uploads\\\/sites\\\/4\\\/img-20230612-132124.jpg\",\"contentUrl\":\"https:\\\/\\\/www.vilellarecicla.com\\\/ca\\\/wp-content\\\/uploads\\\/sites\\\/4\\\/img-20230612-132124.jpg\",\"width\":1000,\"height\":775},{\"@type\":\"BreadcrumbList\",\"@id\":\"https:\\\/\\\/www.vilellarecicla.com\\\/ca\\\/signem-un-conveni-amb-el-gremi-dinstalladors-de-lleida\\\/#breadcrumb\",\"itemListElement\":[{\"@type\":\"ListItem\",\"position\":1,\"name\":\"Inici\",\"item\":\"https:\\\/\\\/www.vilellarecicla.com\\\/ca\\\/\"},{\"@type\":\"ListItem\",\"position\":2,\"name\":\"Signem un conveni amb el Gremi d&#8217;Instal\u00b7ladors de Lleida\"}]},{\"@type\":\"WebSite\",\"@id\":\"https:\\\/\\\/www.vilellarecicla.com\\\/ca\\\/#website\",\"url\":\"https:\\\/\\\/www.vilellarecicla.com\\\/ca\\\/\",\"name\":\"Vilella Recicla\",\"description\":\"Transformem residus en recursos\",\"publisher\":{\"@id\":\"https:\\\/\\\/www.vilellarecicla.com\\\/ca\\\/#organization\"},\"potentialAction\":[{\"@type\":\"SearchAction\",\"target\":{\"@type\":\"EntryPoint\",\"urlTemplate\":\"https:\\\/\\\/www.vilellarecicla.com\\\/ca\\\/?s={search_term_string}\"},\"query-input\":{\"@type\":\"PropertyValueSpecification\",\"valueRequired\":true,\"valueName\":\"search_term_string\"}}],\"inLanguage\":\"ca\"},{\"@type\":\"Organization\",\"@id\":\"https:\\\/\\\/www.vilellarecicla.com\\\/ca\\\/#organization\",\"name\":\"Vilella Recicla\",\"url\":\"https:\\\/\\\/www.vilellarecicla.com\\\/ca\\\/\",\"logo\":{\"@type\":\"ImageObject\",\"inLanguage\":\"ca\",\"@id\":\"https:\\\/\\\/www.vilellarecicla.com\\\/ca\\\/#\\\/schema\\\/logo\\\/image\\\/\",\"url\":\"https:\\\/\\\/www.vilellarecicla.com\\\/ca\\\/wp-content\\\/uploads\\\/sites\\\/4\\\/logo-Vilella_horitzontal.svg\",\"contentUrl\":\"https:\\\/\\\/www.vilellarecicla.com\\\/ca\\\/wp-content\\\/uploads\\\/sites\\\/4\\\/logo-Vilella_horitzontal.svg\",\"width\":777,\"height\":153,\"caption\":\"Vilella Recicla\"},\"image\":{\"@id\":\"https:\\\/\\\/www.vilellarecicla.com\\\/ca\\\/#\\\/schema\\\/logo\\\/image\\\/\"}},{\"@type\":\"Person\",\"@id\":\"https:\\\/\\\/www.vilellarecicla.com\\\/ca\\\/#\\\/schema\\\/person\\\/9e267f5965841e2ab22c3f9162bed98e\",\"name\":\"calzbert\",\"image\":{\"@type\":\"ImageObject\",\"inLanguage\":\"ca\",\"@id\":\"https:\\\/\\\/secure.gravatar.com\\\/avatar\\\/8308968730156d803928d4e2ae35f47131453f7621f4b4a95014be6878e51f76?s=96&d=mm&r=g\",\"url\":\"https:\\\/\\\/secure.gravatar.com\\\/avatar\\\/8308968730156d803928d4e2ae35f47131453f7621f4b4a95014be6878e51f76?s=96&d=mm&r=g\",\"contentUrl\":\"https:\\\/\\\/secure.gravatar.com\\\/avatar\\\/8308968730156d803928d4e2ae35f47131453f7621f4b4a95014be6878e51f76?s=96&d=mm&r=g\",\"caption\":\"calzbert\"},\"sameAs\":[\"https:\\\/\\\/www.vilellarecicla.com\"]}]}<\/script>\n<!-- \/ Yoast SEO plugin. -->","yoast_head_json":{"title":"Signem un conveni amb el Gremi d'Instal\u00b7ladors de Lleida - Vilella Recicla","robots":{"index":"index","follow":"follow","max-snippet":"max-snippet:-1","max-image-preview":"max-image-preview:large","max-video-preview":"max-video-preview:-1"},"canonical":"https:\/\/www.vilellarecicla.com\/ca\/signem-un-conveni-amb-el-gremi-dinstalladors-de-lleida\/","og_locale":"ca_ES","og_type":"article","og_title":"Signem un conveni amb el Gremi d'Instal\u00b7ladors de Lleida - Vilella Recicla","og_description":"Els instal\u00b7ladors de Lleida que pertanyen al Gremi d\u2019Instal\u00b7ladors de Lleida ja disposen d\u2019unes condicions preferents en la gesti\u00f3 de residus a Vilella Recicla. Gr\u00e0cies al conveni de col\u00b7laboraci\u00f3 que hem signat, posem a disposici\u00f3 dels agremiats els nostres serveis de recollida i valoritzaci\u00f3 de residus RAEE, residus t\u00edpics com pl\u00e0stics i derivats, ferralla, alumini, [&hellip;]","og_url":"https:\/\/www.vilellarecicla.com\/ca\/signem-un-conveni-amb-el-gremi-dinstalladors-de-lleida\/","og_site_name":"Vilella Recicla","article_published_time":"2023-11-21T21:44:59+00:00","article_modified_time":"2023-11-21T21:45:01+00:00","og_image":[{"width":1000,"height":775,"url":"https:\/\/www.vilellarecicla.com\/ca\/wp-content\/uploads\/sites\/4\/img-20230612-132124.jpg","type":"image\/jpeg"}],"author":"calzbert","twitter_card":"summary_large_image","twitter_misc":{"Escrit per":"calzbert","Temps estimat de lectura":"1 minut"},"schema":{"@context":"https:\/\/schema.org","@graph":[{"@type":"Article","@id":"https:\/\/www.vilellarecicla.com\/ca\/signem-un-conveni-amb-el-gremi-dinstalladors-de-lleida\/#article","isPartOf":{"@id":"https:\/\/www.vilellarecicla.com\/ca\/signem-un-conveni-amb-el-gremi-dinstalladors-de-lleida\/"},"author":{"name":"calzbert","@id":"https:\/\/www.vilellarecicla.com\/ca\/#\/schema\/person\/9e267f5965841e2ab22c3f9162bed98e"},"headline":"Signem un conveni amb el Gremi d&#8217;Instal\u00b7ladors de Lleida","datePublished":"2023-11-21T21:44:59+00:00","dateModified":"2023-11-21T21:45:01+00:00","mainEntityOfPage":{"@id":"https:\/\/www.vilellarecicla.com\/ca\/signem-un-conveni-amb-el-gremi-dinstalladors-de-lleida\/"},"wordCount":126,"publisher":{"@id":"https:\/\/www.vilellarecicla.com\/ca\/#organization"},"image":{"@id":"https:\/\/www.vilellarecicla.com\/ca\/signem-un-conveni-amb-el-gremi-dinstalladors-de-lleida\/#primaryimage"},"thumbnailUrl":"https:\/\/www.vilellarecicla.com\/ca\/wp-content\/uploads\/sites\/4\/img-20230612-132124.jpg","articleSection":["Actualitat"],"inLanguage":"ca"},{"@type":"WebPage","@id":"https:\/\/www.vilellarecicla.com\/ca\/signem-un-conveni-amb-el-gremi-dinstalladors-de-lleida\/","url":"https:\/\/www.vilellarecicla.com\/ca\/signem-un-conveni-amb-el-gremi-dinstalladors-de-lleida\/","name":"Signem un conveni amb el Gremi d'Instal\u00b7ladors de Lleida - Vilella Recicla","isPartOf":{"@id":"https:\/\/www.vilellarecicla.com\/ca\/#website"},"primaryImageOfPage":{"@id":"https:\/\/www.vilellarecicla.com\/ca\/signem-un-conveni-amb-el-gremi-dinstalladors-de-lleida\/#primaryimage"},"image":{"@id":"https:\/\/www.vilellarecicla.com\/ca\/signem-un-conveni-amb-el-gremi-dinstalladors-de-lleida\/#primaryimage"},"thumbnailUrl":"https:\/\/www.vilellarecicla.com\/ca\/wp-content\/uploads\/sites\/4\/img-20230612-132124.jpg","datePublished":"2023-11-21T21:44:59+00:00","dateModified":"2023-11-21T21:45:01+00:00","breadcrumb":{"@id":"https:\/\/www.vilellarecicla.com\/ca\/signem-un-conveni-amb-el-gremi-dinstalladors-de-lleida\/#breadcrumb"},"inLanguage":"ca","potentialAction":[{"@type":"ReadAction","target":["https:\/\/www.vilellarecicla.com\/ca\/signem-un-conveni-amb-el-gremi-dinstalladors-de-lleida\/"]}]},{"@type":"ImageObject","inLanguage":"ca","@id":"https:\/\/www.vilellarecicla.com\/ca\/signem-un-conveni-amb-el-gremi-dinstalladors-de-lleida\/#primaryimage","url":"https:\/\/www.vilellarecicla.com\/ca\/wp-content\/uploads\/sites\/4\/img-20230612-132124.jpg","contentUrl":"https:\/\/www.vilellarecicla.com\/ca\/wp-content\/uploads\/sites\/4\/img-20230612-132124.jpg","width":1000,"height":775},{"@type":"BreadcrumbList","@id":"https:\/\/www.vilellarecicla.com\/ca\/signem-un-conveni-amb-el-gremi-dinstalladors-de-lleida\/#breadcrumb","itemListElement":[{"@type":"ListItem","position":1,"name":"Inici","item":"https:\/\/www.vilellarecicla.com\/ca\/"},{"@type":"ListItem","position":2,"name":"Signem un conveni amb el Gremi d&#8217;Instal\u00b7ladors de Lleida"}]},{"@type":"WebSite","@id":"https:\/\/www.vilellarecicla.com\/ca\/#website","url":"https:\/\/www.vilellarecicla.com\/ca\/","name":"Vilella Recicla","description":"Transformem residus en recursos","publisher":{"@id":"https:\/\/www.vilellarecicla.com\/ca\/#organization"},"potentialAction":[{"@type":"SearchAction","target":{"@type":"EntryPoint","urlTemplate":"https:\/\/www.vilellarecicla.com\/ca\/?s={search_term_string}"},"query-input":{"@type":"PropertyValueSpecification","valueRequired":true,"valueName":"search_term_string"}}],"inLanguage":"ca"},{"@type":"Organization","@id":"https:\/\/www.vilellarecicla.com\/ca\/#organization","name":"Vilella Recicla","url":"https:\/\/www.vilellarecicla.com\/ca\/","logo":{"@type":"ImageObject","inLanguage":"ca","@id":"https:\/\/www.vilellarecicla.com\/ca\/#\/schema\/logo\/image\/","url":"https:\/\/www.vilellarecicla.com\/ca\/wp-content\/uploads\/sites\/4\/logo-Vilella_horitzontal.svg","contentUrl":"https:\/\/www.vilellarecicla.com\/ca\/wp-content\/uploads\/sites\/4\/logo-Vilella_horitzontal.svg","width":777,"height":153,"caption":"Vilella Recicla"},"image":{"@id":"https:\/\/www.vilellarecicla.com\/ca\/#\/schema\/logo\/image\/"}},{"@type":"Person","@id":"https:\/\/www.vilellarecicla.com\/ca\/#\/schema\/person\/9e267f5965841e2ab22c3f9162bed98e","name":"calzbert","image":{"@type":"ImageObject","inLanguage":"ca","@id":"https:\/\/secure.gravatar.com\/avatar\/8308968730156d803928d4e2ae35f47131453f7621f4b4a95014be6878e51f76?s=96&d=mm&r=g","url":"https:\/\/secure.gravatar.com\/avatar\/8308968730156d803928d4e2ae35f47131453f7621f4b4a95014be6878e51f76?s=96&d=mm&r=g","contentUrl":"https:\/\/secure.gravatar.com\/avatar\/8308968730156d803928d4e2ae35f47131453f7621f4b4a95014be6878e51f76?s=96&d=mm&r=g","caption":"calzbert"},"sameAs":["https:\/\/www.vilellarecicla.com"]}]}},"_links":{"self":[{"href":"https:\/\/www.vilellarecicla.com\/ca\/wp-json\/wp\/v2\/posts\/784","targetHints":{"allow":["GET"]}}],"collection":[{"href":"https:\/\/www.vilellarecicla.com\/ca\/wp-json\/wp\/v2\/posts"}],"about":[{"href":"https:\/\/www.vilellarecicla.com\/ca\/wp-json\/wp\/v2\/types\/post"}],"author":[{"embeddable":true,"href":"https:\/\/www.vilellarecicla.com\/ca\/wp-json\/wp\/v2\/users\/1"}],"replies":[{"embeddable":true,"href":"https:\/\/www.vilellarecicla.com\/ca\/wp-json\/wp\/v2\/comments?post=784"}],"version-history":[{"count":1,"href":"https:\/\/www.vilellarecicla.com\/ca\/wp-json\/wp\/v2\/posts\/784\/revisions"}],"predecessor-version":[{"id":786,"href":"https:\/\/www.vilellarecicla.com\/ca\/wp-json\/wp\/v2\/posts\/784\/revisions\/786"}],"wp:featuredmedia":[{"embeddable":true,"href":"https:\/\/www.vilellarecicla.com\/ca\/wp-json\/wp\/v2\/media\/785"}],"wp:attachment":[{"href":"https:\/\/www.vilellarecicla.com\/ca\/wp-json\/wp\/v2\/media?parent=784"}],"wp:term":[{"taxonomy":"category","embeddable":true,"href":"https:\/\/www.vilellarecicla.com\/ca\/wp-json\/wp\/v2\/categories?post=784"},{"taxonomy":"post_tag","embeddable":true,"href":"https:\/\/www.vilellarecicla.com\/ca\/wp-json\/wp\/v2\/tags?post=784"}],"curies":[{"name":"wp","href":"https:\/\/api.w.org\/{rel}","templated":true}]}}