{"id":787,"date":"2023-11-21T22:47:57","date_gmt":"2023-11-21T21:47:57","guid":{"rendered":"https:\/\/www.vilellarecicla.com\/ca\/?p=787"},"modified":"2023-11-21T22:47:59","modified_gmt":"2023-11-21T21:47:59","slug":"solucions-per-al-reciclatge-de-tot-tipus-de-residus","status":"publish","type":"post","link":"https:\/\/www.vilellarecicla.com\/ca\/solucions-per-al-reciclatge-de-tot-tipus-de-residus\/","title":{"rendered":"Solucions per al reciclatge de tot tipus de residus"},"content":{"rendered":"\n<p>A Vilella Recicla portem m\u00e9s de 80 anys compromesos amb el medi ambient i desenvolupant els processos de transformaci\u00f3 dels residus en recursos. Aix\u00ed aconseguim que les mat\u00e8ries primeres tornin al seu estat original per donar-los una altra vida. Oferim solucions en la gesti\u00f3 integral de residus a empreses i a l&#8217;Administraci\u00f3 P\u00fablica.<\/p>\n\n\n\n<p>Cada dia a la nostra planta de tractament dels Alam\u00fas (Lleida) ens arriba la recollida selectiva municipal de&nbsp;<strong>paper i cartr\u00f3, envasos, pl\u00e0stics i vidre.<\/strong><\/p>\n\n\n\n<p>Tamb\u00e9 recuperem&nbsp;<strong>residus voluminosos<\/strong>&nbsp;com matalassos, mobles de fusta, panells sandvitx, contenidors urbans\u2026 Tots aquests residus els sotmetem a un proc\u00e9s de trituraci\u00f3 perqu\u00e8 retornin a la ind\u00fastria i es converteixin en mat\u00e8ria prima o b\u00e9 s\u2019utilitzi com a combustible renovable.<\/p>\n\n\n\n<p>Comptem amb la maquin\u00e0ria d&#8217;\u00faltima tecnologia i amb el personal altament qualificat per dur a terme qualsevol&nbsp;<strong>desmuntatge i desballestament industrial.&nbsp;<\/strong>A m\u00e9s, disposem d\u2019un sistema pioner de&nbsp;<strong>cribatge per separar la ferralla<\/strong>&nbsp;barrejada amb terra i altres impropis.<\/p>\n\n\n\n<p>Treballem per ser cada dia m\u00e9s eficients en la recuperaci\u00f3 de materials, ja que una correcta separaci\u00f3 i classificaci\u00f3 dels residus \u00e9s el primer pas per convertir-los en mat\u00e8ries primeres.<\/p>\n\n\n\n<p>Per aix\u00f2 comptem amb un equip de professionals dedicat exclusivament a&nbsp;<strong>investigar i desenvolupar nous processos de reciclatge<\/strong>&nbsp;que ens permetin ser m\u00e9s eficients.<\/p>\n\n\n\n<p>Tamb\u00e9 s\u00f3m fabricants de&nbsp;<strong>blocs de formig\u00f3 de format industrial,<\/strong>&nbsp;que s\u2019apilen els uns amb els altres i perfectament encaixats. Es tracta d\u2019un sistema ideal per a la construcci\u00f3 de parets i murs a mida que serveixin per separar espais d\u2019emmagatzematge, amb una capacitat d\u2019extensi\u00f3 il\u00b7limitada i modificable en qualsevol moment.&nbsp;<\/p>\n\n\n\n<p>El capital hum\u00e0, la maquin\u00e0ria d&#8217;\u00faltima tecnologia i l&#8217;experi\u00e8ncia acumulada al llarg de la nostra traject\u00f2ria empresarial s\u00f3n valors que ens defineixen i ens empenyen a continuar millorant i innovant en els processos de reciclatge, fomentant l&#8217;economia circular i, en conseq\u00fc\u00e8ncia, un m\u00f3n m\u00e9s sostenible.<\/p>\n","protected":false},"excerpt":{"rendered":"<p>A Vilella Recicla portem m\u00e9s de 80 anys compromesos amb el medi ambient i desenvolupant els processos de transformaci\u00f3 dels residus en recursos. Aix\u00ed aconseguim que les mat\u00e8ries primeres tornin al seu estat original per donar-los una altra vida. Oferim solucions en la gesti\u00f3 integral de residus a empreses i a l&#8217;Administraci\u00f3 P\u00fablica. Cada dia [&hellip;]<\/p>\n","protected":false},"author":1,"featured_media":788,"comment_status":"closed","ping_status":"closed","sticky":false,"template":"","format":"standard","meta":{"footnotes":""},"categories":[1],"tags":[],"class_list":["post-787","post","type-post","status-publish","format-standard","has-post-thumbnail","hentry","category-actualitat"],"yoast_head":"<!-- This site is optimized with the Yoast SEO plugin v27.5 - https:\/\/yoast.com\/product\/yoast-seo-wordpress\/ -->\n<title>Solucions per al reciclatge de tot tipus de residus - Vilella Recicla<\/title>\n<meta name=\"robots\" content=\"index, follow, max-snippet:-1, max-image-preview:large, max-video-preview:-1\" \/>\n<link rel=\"canonical\" href=\"https:\/\/www.vilellarecicla.com\/ca\/solucions-per-al-reciclatge-de-tot-tipus-de-residus\/\" \/>\n<meta property=\"og:locale\" content=\"ca_ES\" \/>\n<meta property=\"og:type\" content=\"article\" \/>\n<meta property=\"og:title\" content=\"Solucions per al reciclatge de tot tipus de residus - Vilella Recicla\" \/>\n<meta property=\"og:description\" content=\"A Vilella Recicla portem m\u00e9s de 80 anys compromesos amb el medi ambient i desenvolupant els processos de transformaci\u00f3 dels residus en recursos. Aix\u00ed aconseguim que les mat\u00e8ries primeres tornin al seu estat original per donar-los una altra vida. Oferim solucions en la gesti\u00f3 integral de residus a empreses i a l&#8217;Administraci\u00f3 P\u00fablica. Cada dia [&hellip;]\" \/>\n<meta property=\"og:url\" content=\"https:\/\/www.vilellarecicla.com\/ca\/solucions-per-al-reciclatge-de-tot-tipus-de-residus\/\" \/>\n<meta property=\"og:site_name\" content=\"Vilella Recicla\" \/>\n<meta property=\"article:published_time\" content=\"2023-11-21T21:47:57+00:00\" \/>\n<meta property=\"article:modified_time\" content=\"2023-11-21T21:47:59+00:00\" \/>\n<meta property=\"og:image\" content=\"https:\/\/www.vilellarecicla.com\/ca\/wp-content\/uploads\/sites\/4\/administracio.jpg\" \/>\n\t<meta property=\"og:image:width\" content=\"1000\" \/>\n\t<meta property=\"og:image:height\" content=\"751\" \/>\n\t<meta property=\"og:image:type\" content=\"image\/jpeg\" \/>\n<meta name=\"author\" content=\"calzbert\" \/>\n<meta name=\"twitter:card\" content=\"summary_large_image\" \/>\n<meta name=\"twitter:label1\" content=\"Escrit per\" \/>\n\t<meta name=\"twitter:data1\" content=\"calzbert\" \/>\n\t<meta name=\"twitter:label2\" content=\"Temps estimat de lectura\" \/>\n\t<meta name=\"twitter:data2\" content=\"2 minuts\" \/>\n<script type=\"application\/ld+json\" class=\"yoast-schema-graph\">{\"@context\":\"https:\\\/\\\/schema.org\",\"@graph\":[{\"@type\":\"Article\",\"@id\":\"https:\\\/\\\/www.vilellarecicla.com\\\/ca\\\/solucions-per-al-reciclatge-de-tot-tipus-de-residus\\\/#article\",\"isPartOf\":{\"@id\":\"https:\\\/\\\/www.vilellarecicla.com\\\/ca\\\/solucions-per-al-reciclatge-de-tot-tipus-de-residus\\\/\"},\"author\":{\"name\":\"calzbert\",\"@id\":\"https:\\\/\\\/www.vilellarecicla.com\\\/ca\\\/#\\\/schema\\\/person\\\/9e267f5965841e2ab22c3f9162bed98e\"},\"headline\":\"Solucions per al reciclatge de tot tipus de residus\",\"datePublished\":\"2023-11-21T21:47:57+00:00\",\"dateModified\":\"2023-11-21T21:47:59+00:00\",\"mainEntityOfPage\":{\"@id\":\"https:\\\/\\\/www.vilellarecicla.com\\\/ca\\\/solucions-per-al-reciclatge-de-tot-tipus-de-residus\\\/\"},\"wordCount\":361,\"publisher\":{\"@id\":\"https:\\\/\\\/www.vilellarecicla.com\\\/ca\\\/#organization\"},\"image\":{\"@id\":\"https:\\\/\\\/www.vilellarecicla.com\\\/ca\\\/solucions-per-al-reciclatge-de-tot-tipus-de-residus\\\/#primaryimage\"},\"thumbnailUrl\":\"https:\\\/\\\/www.vilellarecicla.com\\\/ca\\\/wp-content\\\/uploads\\\/sites\\\/4\\\/administracio.jpg\",\"articleSection\":[\"Actualitat\"],\"inLanguage\":\"ca\"},{\"@type\":\"WebPage\",\"@id\":\"https:\\\/\\\/www.vilellarecicla.com\\\/ca\\\/solucions-per-al-reciclatge-de-tot-tipus-de-residus\\\/\",\"url\":\"https:\\\/\\\/www.vilellarecicla.com\\\/ca\\\/solucions-per-al-reciclatge-de-tot-tipus-de-residus\\\/\",\"name\":\"Solucions per al reciclatge de tot tipus de residus - Vilella Recicla\",\"isPartOf\":{\"@id\":\"https:\\\/\\\/www.vilellarecicla.com\\\/ca\\\/#website\"},\"primaryImageOfPage\":{\"@id\":\"https:\\\/\\\/www.vilellarecicla.com\\\/ca\\\/solucions-per-al-reciclatge-de-tot-tipus-de-residus\\\/#primaryimage\"},\"image\":{\"@id\":\"https:\\\/\\\/www.vilellarecicla.com\\\/ca\\\/solucions-per-al-reciclatge-de-tot-tipus-de-residus\\\/#primaryimage\"},\"thumbnailUrl\":\"https:\\\/\\\/www.vilellarecicla.com\\\/ca\\\/wp-content\\\/uploads\\\/sites\\\/4\\\/administracio.jpg\",\"datePublished\":\"2023-11-21T21:47:57+00:00\",\"dateModified\":\"2023-11-21T21:47:59+00:00\",\"breadcrumb\":{\"@id\":\"https:\\\/\\\/www.vilellarecicla.com\\\/ca\\\/solucions-per-al-reciclatge-de-tot-tipus-de-residus\\\/#breadcrumb\"},\"inLanguage\":\"ca\",\"potentialAction\":[{\"@type\":\"ReadAction\",\"target\":[\"https:\\\/\\\/www.vilellarecicla.com\\\/ca\\\/solucions-per-al-reciclatge-de-tot-tipus-de-residus\\\/\"]}]},{\"@type\":\"ImageObject\",\"inLanguage\":\"ca\",\"@id\":\"https:\\\/\\\/www.vilellarecicla.com\\\/ca\\\/solucions-per-al-reciclatge-de-tot-tipus-de-residus\\\/#primaryimage\",\"url\":\"https:\\\/\\\/www.vilellarecicla.com\\\/ca\\\/wp-content\\\/uploads\\\/sites\\\/4\\\/administracio.jpg\",\"contentUrl\":\"https:\\\/\\\/www.vilellarecicla.com\\\/ca\\\/wp-content\\\/uploads\\\/sites\\\/4\\\/administracio.jpg\",\"width\":1000,\"height\":751},{\"@type\":\"BreadcrumbList\",\"@id\":\"https:\\\/\\\/www.vilellarecicla.com\\\/ca\\\/solucions-per-al-reciclatge-de-tot-tipus-de-residus\\\/#breadcrumb\",\"itemListElement\":[{\"@type\":\"ListItem\",\"position\":1,\"name\":\"Inici\",\"item\":\"https:\\\/\\\/www.vilellarecicla.com\\\/ca\\\/\"},{\"@type\":\"ListItem\",\"position\":2,\"name\":\"Solucions per al reciclatge de tot tipus de residus\"}]},{\"@type\":\"WebSite\",\"@id\":\"https:\\\/\\\/www.vilellarecicla.com\\\/ca\\\/#website\",\"url\":\"https:\\\/\\\/www.vilellarecicla.com\\\/ca\\\/\",\"name\":\"Vilella Recicla\",\"description\":\"Transformem residus en recursos\",\"publisher\":{\"@id\":\"https:\\\/\\\/www.vilellarecicla.com\\\/ca\\\/#organization\"},\"potentialAction\":[{\"@type\":\"SearchAction\",\"target\":{\"@type\":\"EntryPoint\",\"urlTemplate\":\"https:\\\/\\\/www.vilellarecicla.com\\\/ca\\\/?s={search_term_string}\"},\"query-input\":{\"@type\":\"PropertyValueSpecification\",\"valueRequired\":true,\"valueName\":\"search_term_string\"}}],\"inLanguage\":\"ca\"},{\"@type\":\"Organization\",\"@id\":\"https:\\\/\\\/www.vilellarecicla.com\\\/ca\\\/#organization\",\"name\":\"Vilella Recicla\",\"url\":\"https:\\\/\\\/www.vilellarecicla.com\\\/ca\\\/\",\"logo\":{\"@type\":\"ImageObject\",\"inLanguage\":\"ca\",\"@id\":\"https:\\\/\\\/www.vilellarecicla.com\\\/ca\\\/#\\\/schema\\\/logo\\\/image\\\/\",\"url\":\"https:\\\/\\\/www.vilellarecicla.com\\\/ca\\\/wp-content\\\/uploads\\\/sites\\\/4\\\/logo-Vilella_horitzontal.svg\",\"contentUrl\":\"https:\\\/\\\/www.vilellarecicla.com\\\/ca\\\/wp-content\\\/uploads\\\/sites\\\/4\\\/logo-Vilella_horitzontal.svg\",\"width\":777,\"height\":153,\"caption\":\"Vilella Recicla\"},\"image\":{\"@id\":\"https:\\\/\\\/www.vilellarecicla.com\\\/ca\\\/#\\\/schema\\\/logo\\\/image\\\/\"}},{\"@type\":\"Person\",\"@id\":\"https:\\\/\\\/www.vilellarecicla.com\\\/ca\\\/#\\\/schema\\\/person\\\/9e267f5965841e2ab22c3f9162bed98e\",\"name\":\"calzbert\",\"image\":{\"@type\":\"ImageObject\",\"inLanguage\":\"ca\",\"@id\":\"https:\\\/\\\/secure.gravatar.com\\\/avatar\\\/8308968730156d803928d4e2ae35f47131453f7621f4b4a95014be6878e51f76?s=96&d=mm&r=g\",\"url\":\"https:\\\/\\\/secure.gravatar.com\\\/avatar\\\/8308968730156d803928d4e2ae35f47131453f7621f4b4a95014be6878e51f76?s=96&d=mm&r=g\",\"contentUrl\":\"https:\\\/\\\/secure.gravatar.com\\\/avatar\\\/8308968730156d803928d4e2ae35f47131453f7621f4b4a95014be6878e51f76?s=96&d=mm&r=g\",\"caption\":\"calzbert\"},\"sameAs\":[\"https:\\\/\\\/www.vilellarecicla.com\"]}]}<\/script>\n<!-- \/ Yoast SEO plugin. -->","yoast_head_json":{"title":"Solucions per al reciclatge de tot tipus de residus - Vilella Recicla","robots":{"index":"index","follow":"follow","max-snippet":"max-snippet:-1","max-image-preview":"max-image-preview:large","max-video-preview":"max-video-preview:-1"},"canonical":"https:\/\/www.vilellarecicla.com\/ca\/solucions-per-al-reciclatge-de-tot-tipus-de-residus\/","og_locale":"ca_ES","og_type":"article","og_title":"Solucions per al reciclatge de tot tipus de residus - Vilella Recicla","og_description":"A Vilella Recicla portem m\u00e9s de 80 anys compromesos amb el medi ambient i desenvolupant els processos de transformaci\u00f3 dels residus en recursos. Aix\u00ed aconseguim que les mat\u00e8ries primeres tornin al seu estat original per donar-los una altra vida. Oferim solucions en la gesti\u00f3 integral de residus a empreses i a l&#8217;Administraci\u00f3 P\u00fablica. Cada dia [&hellip;]","og_url":"https:\/\/www.vilellarecicla.com\/ca\/solucions-per-al-reciclatge-de-tot-tipus-de-residus\/","og_site_name":"Vilella Recicla","article_published_time":"2023-11-21T21:47:57+00:00","article_modified_time":"2023-11-21T21:47:59+00:00","og_image":[{"width":1000,"height":751,"url":"https:\/\/www.vilellarecicla.com\/ca\/wp-content\/uploads\/sites\/4\/administracio.jpg","type":"image\/jpeg"}],"author":"calzbert","twitter_card":"summary_large_image","twitter_misc":{"Escrit per":"calzbert","Temps estimat de lectura":"2 minuts"},"schema":{"@context":"https:\/\/schema.org","@graph":[{"@type":"Article","@id":"https:\/\/www.vilellarecicla.com\/ca\/solucions-per-al-reciclatge-de-tot-tipus-de-residus\/#article","isPartOf":{"@id":"https:\/\/www.vilellarecicla.com\/ca\/solucions-per-al-reciclatge-de-tot-tipus-de-residus\/"},"author":{"name":"calzbert","@id":"https:\/\/www.vilellarecicla.com\/ca\/#\/schema\/person\/9e267f5965841e2ab22c3f9162bed98e"},"headline":"Solucions per al reciclatge de tot tipus de residus","datePublished":"2023-11-21T21:47:57+00:00","dateModified":"2023-11-21T21:47:59+00:00","mainEntityOfPage":{"@id":"https:\/\/www.vilellarecicla.com\/ca\/solucions-per-al-reciclatge-de-tot-tipus-de-residus\/"},"wordCount":361,"publisher":{"@id":"https:\/\/www.vilellarecicla.com\/ca\/#organization"},"image":{"@id":"https:\/\/www.vilellarecicla.com\/ca\/solucions-per-al-reciclatge-de-tot-tipus-de-residus\/#primaryimage"},"thumbnailUrl":"https:\/\/www.vilellarecicla.com\/ca\/wp-content\/uploads\/sites\/4\/administracio.jpg","articleSection":["Actualitat"],"inLanguage":"ca"},{"@type":"WebPage","@id":"https:\/\/www.vilellarecicla.com\/ca\/solucions-per-al-reciclatge-de-tot-tipus-de-residus\/","url":"https:\/\/www.vilellarecicla.com\/ca\/solucions-per-al-reciclatge-de-tot-tipus-de-residus\/","name":"Solucions per al reciclatge de tot tipus de residus - Vilella Recicla","isPartOf":{"@id":"https:\/\/www.vilellarecicla.com\/ca\/#website"},"primaryImageOfPage":{"@id":"https:\/\/www.vilellarecicla.com\/ca\/solucions-per-al-reciclatge-de-tot-tipus-de-residus\/#primaryimage"},"image":{"@id":"https:\/\/www.vilellarecicla.com\/ca\/solucions-per-al-reciclatge-de-tot-tipus-de-residus\/#primaryimage"},"thumbnailUrl":"https:\/\/www.vilellarecicla.com\/ca\/wp-content\/uploads\/sites\/4\/administracio.jpg","datePublished":"2023-11-21T21:47:57+00:00","dateModified":"2023-11-21T21:47:59+00:00","breadcrumb":{"@id":"https:\/\/www.vilellarecicla.com\/ca\/solucions-per-al-reciclatge-de-tot-tipus-de-residus\/#breadcrumb"},"inLanguage":"ca","potentialAction":[{"@type":"ReadAction","target":["https:\/\/www.vilellarecicla.com\/ca\/solucions-per-al-reciclatge-de-tot-tipus-de-residus\/"]}]},{"@type":"ImageObject","inLanguage":"ca","@id":"https:\/\/www.vilellarecicla.com\/ca\/solucions-per-al-reciclatge-de-tot-tipus-de-residus\/#primaryimage","url":"https:\/\/www.vilellarecicla.com\/ca\/wp-content\/uploads\/sites\/4\/administracio.jpg","contentUrl":"https:\/\/www.vilellarecicla.com\/ca\/wp-content\/uploads\/sites\/4\/administracio.jpg","width":1000,"height":751},{"@type":"BreadcrumbList","@id":"https:\/\/www.vilellarecicla.com\/ca\/solucions-per-al-reciclatge-de-tot-tipus-de-residus\/#breadcrumb","itemListElement":[{"@type":"ListItem","position":1,"name":"Inici","item":"https:\/\/www.vilellarecicla.com\/ca\/"},{"@type":"ListItem","position":2,"name":"Solucions per al reciclatge de tot tipus de residus"}]},{"@type":"WebSite","@id":"https:\/\/www.vilellarecicla.com\/ca\/#website","url":"https:\/\/www.vilellarecicla.com\/ca\/","name":"Vilella Recicla","description":"Transformem residus en recursos","publisher":{"@id":"https:\/\/www.vilellarecicla.com\/ca\/#organization"},"potentialAction":[{"@type":"SearchAction","target":{"@type":"EntryPoint","urlTemplate":"https:\/\/www.vilellarecicla.com\/ca\/?s={search_term_string}"},"query-input":{"@type":"PropertyValueSpecification","valueRequired":true,"valueName":"search_term_string"}}],"inLanguage":"ca"},{"@type":"Organization","@id":"https:\/\/www.vilellarecicla.com\/ca\/#organization","name":"Vilella Recicla","url":"https:\/\/www.vilellarecicla.com\/ca\/","logo":{"@type":"ImageObject","inLanguage":"ca","@id":"https:\/\/www.vilellarecicla.com\/ca\/#\/schema\/logo\/image\/","url":"https:\/\/www.vilellarecicla.com\/ca\/wp-content\/uploads\/sites\/4\/logo-Vilella_horitzontal.svg","contentUrl":"https:\/\/www.vilellarecicla.com\/ca\/wp-content\/uploads\/sites\/4\/logo-Vilella_horitzontal.svg","width":777,"height":153,"caption":"Vilella Recicla"},"image":{"@id":"https:\/\/www.vilellarecicla.com\/ca\/#\/schema\/logo\/image\/"}},{"@type":"Person","@id":"https:\/\/www.vilellarecicla.com\/ca\/#\/schema\/person\/9e267f5965841e2ab22c3f9162bed98e","name":"calzbert","image":{"@type":"ImageObject","inLanguage":"ca","@id":"https:\/\/secure.gravatar.com\/avatar\/8308968730156d803928d4e2ae35f47131453f7621f4b4a95014be6878e51f76?s=96&d=mm&r=g","url":"https:\/\/secure.gravatar.com\/avatar\/8308968730156d803928d4e2ae35f47131453f7621f4b4a95014be6878e51f76?s=96&d=mm&r=g","contentUrl":"https:\/\/secure.gravatar.com\/avatar\/8308968730156d803928d4e2ae35f47131453f7621f4b4a95014be6878e51f76?s=96&d=mm&r=g","caption":"calzbert"},"sameAs":["https:\/\/www.vilellarecicla.com"]}]}},"_links":{"self":[{"href":"https:\/\/www.vilellarecicla.com\/ca\/wp-json\/wp\/v2\/posts\/787","targetHints":{"allow":["GET"]}}],"collection":[{"href":"https:\/\/www.vilellarecicla.com\/ca\/wp-json\/wp\/v2\/posts"}],"about":[{"href":"https:\/\/www.vilellarecicla.com\/ca\/wp-json\/wp\/v2\/types\/post"}],"author":[{"embeddable":true,"href":"https:\/\/www.vilellarecicla.com\/ca\/wp-json\/wp\/v2\/users\/1"}],"replies":[{"embeddable":true,"href":"https:\/\/www.vilellarecicla.com\/ca\/wp-json\/wp\/v2\/comments?post=787"}],"version-history":[{"count":1,"href":"https:\/\/www.vilellarecicla.com\/ca\/wp-json\/wp\/v2\/posts\/787\/revisions"}],"predecessor-version":[{"id":789,"href":"https:\/\/www.vilellarecicla.com\/ca\/wp-json\/wp\/v2\/posts\/787\/revisions\/789"}],"wp:featuredmedia":[{"embeddable":true,"href":"https:\/\/www.vilellarecicla.com\/ca\/wp-json\/wp\/v2\/media\/788"}],"wp:attachment":[{"href":"https:\/\/www.vilellarecicla.com\/ca\/wp-json\/wp\/v2\/media?parent=787"}],"wp:term":[{"taxonomy":"category","embeddable":true,"href":"https:\/\/www.vilellarecicla.com\/ca\/wp-json\/wp\/v2\/categories?post=787"},{"taxonomy":"post_tag","embeddable":true,"href":"https:\/\/www.vilellarecicla.com\/ca\/wp-json\/wp\/v2\/tags?post=787"}],"curies":[{"name":"wp","href":"https:\/\/api.w.org\/{rel}","templated":true}]}}