{"id":790,"date":"2023-11-21T22:51:30","date_gmt":"2023-11-21T21:51:30","guid":{"rendered":"https:\/\/www.vilellarecicla.com\/ca\/?p=790"},"modified":"2023-11-21T23:19:07","modified_gmt":"2023-11-21T22:19:07","slug":"recollida-transport-i-gestio-de-residus-valoritzables-duna-nau","status":"publish","type":"post","link":"https:\/\/www.vilellarecicla.com\/ca\/recollida-transport-i-gestio-de-residus-valoritzables-duna-nau\/","title":{"rendered":"Recollida, transport i gesti\u00f3 de residus d&#8217;una nau"},"content":{"rendered":"\n<p>Desplacem la nostra maquin\u00e0ria al lloc perqu\u00e8 en el m\u00ednim temps possible els residus valoritzables estiguin recollits i transportats amb els nostres camions a la nostra planta. All\u00ed separarem b\u00e9 tots els residus: ferros i altres ferralla, alumini, panells sandvitx, pl\u00e0stics, fustes\u2026 i durem a terme el proc\u00e9s de tractament. Alguns tornaran a la ind\u00fastria, on es convertiran en mat\u00e8ria prima secund\u00e0ria per a la fabricaci\u00f3 de nous objectes; i d&#8217;altres els triturarem perqu\u00e8 serveixin com a material per a la producci\u00f3 d&#8217;energia<\/p>\n","protected":false},"excerpt":{"rendered":"<p>Desplacem la nostra maquin\u00e0ria al lloc perqu\u00e8 en el m\u00ednim temps possible els residus valoritzables estiguin recollits i transportats amb els nostres camions a la nostra planta. All\u00ed separarem b\u00e9 tots els residus: ferros i altres ferralla, alumini, panells sandvitx, pl\u00e0stics, fustes\u2026 i durem a terme el proc\u00e9s de tractament. Alguns tornaran a la ind\u00fastria, [&hellip;]<\/p>\n","protected":false},"author":1,"featured_media":791,"comment_status":"closed","ping_status":"closed","sticky":false,"template":"","format":"standard","meta":{"footnotes":""},"categories":[1],"tags":[],"class_list":["post-790","post","type-post","status-publish","format-standard","has-post-thumbnail","hentry","category-actualitat"],"yoast_head":"<!-- This site is optimized with the Yoast SEO plugin v27.4 - https:\/\/yoast.com\/product\/yoast-seo-wordpress\/ -->\n<title>Recollida, transport i gesti\u00f3 de residus d&#039;una nau - Vilella Recicla<\/title>\n<meta name=\"robots\" content=\"index, follow, max-snippet:-1, max-image-preview:large, max-video-preview:-1\" \/>\n<link rel=\"canonical\" href=\"https:\/\/www.vilellarecicla.com\/ca\/recollida-transport-i-gestio-de-residus-valoritzables-duna-nau\/\" \/>\n<meta property=\"og:locale\" content=\"ca_ES\" \/>\n<meta property=\"og:type\" content=\"article\" \/>\n<meta property=\"og:title\" content=\"Recollida, transport i gesti\u00f3 de residus d&#039;una nau - Vilella Recicla\" \/>\n<meta property=\"og:description\" content=\"Desplacem la nostra maquin\u00e0ria al lloc perqu\u00e8 en el m\u00ednim temps possible els residus valoritzables estiguin recollits i transportats amb els nostres camions a la nostra planta. All\u00ed separarem b\u00e9 tots els residus: ferros i altres ferralla, alumini, panells sandvitx, pl\u00e0stics, fustes\u2026 i durem a terme el proc\u00e9s de tractament. Alguns tornaran a la ind\u00fastria, [&hellip;]\" \/>\n<meta property=\"og:url\" content=\"https:\/\/www.vilellarecicla.com\/ca\/recollida-transport-i-gestio-de-residus-valoritzables-duna-nau\/\" \/>\n<meta property=\"og:site_name\" content=\"Vilella Recicla\" \/>\n<meta property=\"article:published_time\" content=\"2023-11-21T21:51:30+00:00\" \/>\n<meta property=\"article:modified_time\" content=\"2023-11-21T22:19:07+00:00\" \/>\n<meta property=\"og:image\" content=\"https:\/\/www.vilellarecicla.com\/ca\/wp-content\/uploads\/sites\/4\/enderroc3.jpg\" \/>\n\t<meta property=\"og:image:width\" content=\"1000\" \/>\n\t<meta property=\"og:image:height\" content=\"750\" \/>\n\t<meta property=\"og:image:type\" content=\"image\/jpeg\" \/>\n<meta name=\"author\" content=\"calzbert\" \/>\n<meta name=\"twitter:card\" content=\"summary_large_image\" \/>\n<meta name=\"twitter:label1\" content=\"Escrit per\" \/>\n\t<meta name=\"twitter:data1\" content=\"calzbert\" \/>\n<script type=\"application\/ld+json\" class=\"yoast-schema-graph\">{\"@context\":\"https:\\\/\\\/schema.org\",\"@graph\":[{\"@type\":\"Article\",\"@id\":\"https:\\\/\\\/www.vilellarecicla.com\\\/ca\\\/recollida-transport-i-gestio-de-residus-valoritzables-duna-nau\\\/#article\",\"isPartOf\":{\"@id\":\"https:\\\/\\\/www.vilellarecicla.com\\\/ca\\\/recollida-transport-i-gestio-de-residus-valoritzables-duna-nau\\\/\"},\"author\":{\"name\":\"calzbert\",\"@id\":\"https:\\\/\\\/www.vilellarecicla.com\\\/ca\\\/#\\\/schema\\\/person\\\/9e267f5965841e2ab22c3f9162bed98e\"},\"headline\":\"Recollida, transport i gesti\u00f3 de residus d&#8217;una nau\",\"datePublished\":\"2023-11-21T21:51:30+00:00\",\"dateModified\":\"2023-11-21T22:19:07+00:00\",\"mainEntityOfPage\":{\"@id\":\"https:\\\/\\\/www.vilellarecicla.com\\\/ca\\\/recollida-transport-i-gestio-de-residus-valoritzables-duna-nau\\\/\"},\"wordCount\":101,\"publisher\":{\"@id\":\"https:\\\/\\\/www.vilellarecicla.com\\\/ca\\\/#organization\"},\"image\":{\"@id\":\"https:\\\/\\\/www.vilellarecicla.com\\\/ca\\\/recollida-transport-i-gestio-de-residus-valoritzables-duna-nau\\\/#primaryimage\"},\"thumbnailUrl\":\"https:\\\/\\\/www.vilellarecicla.com\\\/ca\\\/wp-content\\\/uploads\\\/sites\\\/4\\\/enderroc3.jpg\",\"articleSection\":[\"Actualitat\"],\"inLanguage\":\"ca\"},{\"@type\":\"WebPage\",\"@id\":\"https:\\\/\\\/www.vilellarecicla.com\\\/ca\\\/recollida-transport-i-gestio-de-residus-valoritzables-duna-nau\\\/\",\"url\":\"https:\\\/\\\/www.vilellarecicla.com\\\/ca\\\/recollida-transport-i-gestio-de-residus-valoritzables-duna-nau\\\/\",\"name\":\"Recollida, transport i gesti\u00f3 de residus d'una nau - Vilella Recicla\",\"isPartOf\":{\"@id\":\"https:\\\/\\\/www.vilellarecicla.com\\\/ca\\\/#website\"},\"primaryImageOfPage\":{\"@id\":\"https:\\\/\\\/www.vilellarecicla.com\\\/ca\\\/recollida-transport-i-gestio-de-residus-valoritzables-duna-nau\\\/#primaryimage\"},\"image\":{\"@id\":\"https:\\\/\\\/www.vilellarecicla.com\\\/ca\\\/recollida-transport-i-gestio-de-residus-valoritzables-duna-nau\\\/#primaryimage\"},\"thumbnailUrl\":\"https:\\\/\\\/www.vilellarecicla.com\\\/ca\\\/wp-content\\\/uploads\\\/sites\\\/4\\\/enderroc3.jpg\",\"datePublished\":\"2023-11-21T21:51:30+00:00\",\"dateModified\":\"2023-11-21T22:19:07+00:00\",\"breadcrumb\":{\"@id\":\"https:\\\/\\\/www.vilellarecicla.com\\\/ca\\\/recollida-transport-i-gestio-de-residus-valoritzables-duna-nau\\\/#breadcrumb\"},\"inLanguage\":\"ca\",\"potentialAction\":[{\"@type\":\"ReadAction\",\"target\":[\"https:\\\/\\\/www.vilellarecicla.com\\\/ca\\\/recollida-transport-i-gestio-de-residus-valoritzables-duna-nau\\\/\"]}]},{\"@type\":\"ImageObject\",\"inLanguage\":\"ca\",\"@id\":\"https:\\\/\\\/www.vilellarecicla.com\\\/ca\\\/recollida-transport-i-gestio-de-residus-valoritzables-duna-nau\\\/#primaryimage\",\"url\":\"https:\\\/\\\/www.vilellarecicla.com\\\/ca\\\/wp-content\\\/uploads\\\/sites\\\/4\\\/enderroc3.jpg\",\"contentUrl\":\"https:\\\/\\\/www.vilellarecicla.com\\\/ca\\\/wp-content\\\/uploads\\\/sites\\\/4\\\/enderroc3.jpg\",\"width\":1000,\"height\":750},{\"@type\":\"BreadcrumbList\",\"@id\":\"https:\\\/\\\/www.vilellarecicla.com\\\/ca\\\/recollida-transport-i-gestio-de-residus-valoritzables-duna-nau\\\/#breadcrumb\",\"itemListElement\":[{\"@type\":\"ListItem\",\"position\":1,\"name\":\"Inici\",\"item\":\"https:\\\/\\\/www.vilellarecicla.com\\\/ca\\\/\"},{\"@type\":\"ListItem\",\"position\":2,\"name\":\"Recollida, transport i gesti\u00f3 de residus d&#8217;una nau\"}]},{\"@type\":\"WebSite\",\"@id\":\"https:\\\/\\\/www.vilellarecicla.com\\\/ca\\\/#website\",\"url\":\"https:\\\/\\\/www.vilellarecicla.com\\\/ca\\\/\",\"name\":\"Vilella Recicla\",\"description\":\"Transformem residus en recursos\",\"publisher\":{\"@id\":\"https:\\\/\\\/www.vilellarecicla.com\\\/ca\\\/#organization\"},\"potentialAction\":[{\"@type\":\"SearchAction\",\"target\":{\"@type\":\"EntryPoint\",\"urlTemplate\":\"https:\\\/\\\/www.vilellarecicla.com\\\/ca\\\/?s={search_term_string}\"},\"query-input\":{\"@type\":\"PropertyValueSpecification\",\"valueRequired\":true,\"valueName\":\"search_term_string\"}}],\"inLanguage\":\"ca\"},{\"@type\":\"Organization\",\"@id\":\"https:\\\/\\\/www.vilellarecicla.com\\\/ca\\\/#organization\",\"name\":\"Vilella Recicla\",\"url\":\"https:\\\/\\\/www.vilellarecicla.com\\\/ca\\\/\",\"logo\":{\"@type\":\"ImageObject\",\"inLanguage\":\"ca\",\"@id\":\"https:\\\/\\\/www.vilellarecicla.com\\\/ca\\\/#\\\/schema\\\/logo\\\/image\\\/\",\"url\":\"https:\\\/\\\/www.vilellarecicla.com\\\/ca\\\/wp-content\\\/uploads\\\/sites\\\/4\\\/logo-Vilella_horitzontal.svg\",\"contentUrl\":\"https:\\\/\\\/www.vilellarecicla.com\\\/ca\\\/wp-content\\\/uploads\\\/sites\\\/4\\\/logo-Vilella_horitzontal.svg\",\"width\":777,\"height\":153,\"caption\":\"Vilella Recicla\"},\"image\":{\"@id\":\"https:\\\/\\\/www.vilellarecicla.com\\\/ca\\\/#\\\/schema\\\/logo\\\/image\\\/\"}},{\"@type\":\"Person\",\"@id\":\"https:\\\/\\\/www.vilellarecicla.com\\\/ca\\\/#\\\/schema\\\/person\\\/9e267f5965841e2ab22c3f9162bed98e\",\"name\":\"calzbert\",\"image\":{\"@type\":\"ImageObject\",\"inLanguage\":\"ca\",\"@id\":\"https:\\\/\\\/secure.gravatar.com\\\/avatar\\\/8308968730156d803928d4e2ae35f47131453f7621f4b4a95014be6878e51f76?s=96&d=mm&r=g\",\"url\":\"https:\\\/\\\/secure.gravatar.com\\\/avatar\\\/8308968730156d803928d4e2ae35f47131453f7621f4b4a95014be6878e51f76?s=96&d=mm&r=g\",\"contentUrl\":\"https:\\\/\\\/secure.gravatar.com\\\/avatar\\\/8308968730156d803928d4e2ae35f47131453f7621f4b4a95014be6878e51f76?s=96&d=mm&r=g\",\"caption\":\"calzbert\"},\"sameAs\":[\"https:\\\/\\\/www.vilellarecicla.com\"]}]}<\/script>\n<!-- \/ Yoast SEO plugin. -->","yoast_head_json":{"title":"Recollida, transport i gesti\u00f3 de residus d'una nau - Vilella Recicla","robots":{"index":"index","follow":"follow","max-snippet":"max-snippet:-1","max-image-preview":"max-image-preview:large","max-video-preview":"max-video-preview:-1"},"canonical":"https:\/\/www.vilellarecicla.com\/ca\/recollida-transport-i-gestio-de-residus-valoritzables-duna-nau\/","og_locale":"ca_ES","og_type":"article","og_title":"Recollida, transport i gesti\u00f3 de residus d'una nau - Vilella Recicla","og_description":"Desplacem la nostra maquin\u00e0ria al lloc perqu\u00e8 en el m\u00ednim temps possible els residus valoritzables estiguin recollits i transportats amb els nostres camions a la nostra planta. All\u00ed separarem b\u00e9 tots els residus: ferros i altres ferralla, alumini, panells sandvitx, pl\u00e0stics, fustes\u2026 i durem a terme el proc\u00e9s de tractament. Alguns tornaran a la ind\u00fastria, [&hellip;]","og_url":"https:\/\/www.vilellarecicla.com\/ca\/recollida-transport-i-gestio-de-residus-valoritzables-duna-nau\/","og_site_name":"Vilella Recicla","article_published_time":"2023-11-21T21:51:30+00:00","article_modified_time":"2023-11-21T22:19:07+00:00","og_image":[{"width":1000,"height":750,"url":"https:\/\/www.vilellarecicla.com\/ca\/wp-content\/uploads\/sites\/4\/enderroc3.jpg","type":"image\/jpeg"}],"author":"calzbert","twitter_card":"summary_large_image","twitter_misc":{"Escrit per":"calzbert"},"schema":{"@context":"https:\/\/schema.org","@graph":[{"@type":"Article","@id":"https:\/\/www.vilellarecicla.com\/ca\/recollida-transport-i-gestio-de-residus-valoritzables-duna-nau\/#article","isPartOf":{"@id":"https:\/\/www.vilellarecicla.com\/ca\/recollida-transport-i-gestio-de-residus-valoritzables-duna-nau\/"},"author":{"name":"calzbert","@id":"https:\/\/www.vilellarecicla.com\/ca\/#\/schema\/person\/9e267f5965841e2ab22c3f9162bed98e"},"headline":"Recollida, transport i gesti\u00f3 de residus d&#8217;una nau","datePublished":"2023-11-21T21:51:30+00:00","dateModified":"2023-11-21T22:19:07+00:00","mainEntityOfPage":{"@id":"https:\/\/www.vilellarecicla.com\/ca\/recollida-transport-i-gestio-de-residus-valoritzables-duna-nau\/"},"wordCount":101,"publisher":{"@id":"https:\/\/www.vilellarecicla.com\/ca\/#organization"},"image":{"@id":"https:\/\/www.vilellarecicla.com\/ca\/recollida-transport-i-gestio-de-residus-valoritzables-duna-nau\/#primaryimage"},"thumbnailUrl":"https:\/\/www.vilellarecicla.com\/ca\/wp-content\/uploads\/sites\/4\/enderroc3.jpg","articleSection":["Actualitat"],"inLanguage":"ca"},{"@type":"WebPage","@id":"https:\/\/www.vilellarecicla.com\/ca\/recollida-transport-i-gestio-de-residus-valoritzables-duna-nau\/","url":"https:\/\/www.vilellarecicla.com\/ca\/recollida-transport-i-gestio-de-residus-valoritzables-duna-nau\/","name":"Recollida, transport i gesti\u00f3 de residus d'una nau - Vilella Recicla","isPartOf":{"@id":"https:\/\/www.vilellarecicla.com\/ca\/#website"},"primaryImageOfPage":{"@id":"https:\/\/www.vilellarecicla.com\/ca\/recollida-transport-i-gestio-de-residus-valoritzables-duna-nau\/#primaryimage"},"image":{"@id":"https:\/\/www.vilellarecicla.com\/ca\/recollida-transport-i-gestio-de-residus-valoritzables-duna-nau\/#primaryimage"},"thumbnailUrl":"https:\/\/www.vilellarecicla.com\/ca\/wp-content\/uploads\/sites\/4\/enderroc3.jpg","datePublished":"2023-11-21T21:51:30+00:00","dateModified":"2023-11-21T22:19:07+00:00","breadcrumb":{"@id":"https:\/\/www.vilellarecicla.com\/ca\/recollida-transport-i-gestio-de-residus-valoritzables-duna-nau\/#breadcrumb"},"inLanguage":"ca","potentialAction":[{"@type":"ReadAction","target":["https:\/\/www.vilellarecicla.com\/ca\/recollida-transport-i-gestio-de-residus-valoritzables-duna-nau\/"]}]},{"@type":"ImageObject","inLanguage":"ca","@id":"https:\/\/www.vilellarecicla.com\/ca\/recollida-transport-i-gestio-de-residus-valoritzables-duna-nau\/#primaryimage","url":"https:\/\/www.vilellarecicla.com\/ca\/wp-content\/uploads\/sites\/4\/enderroc3.jpg","contentUrl":"https:\/\/www.vilellarecicla.com\/ca\/wp-content\/uploads\/sites\/4\/enderroc3.jpg","width":1000,"height":750},{"@type":"BreadcrumbList","@id":"https:\/\/www.vilellarecicla.com\/ca\/recollida-transport-i-gestio-de-residus-valoritzables-duna-nau\/#breadcrumb","itemListElement":[{"@type":"ListItem","position":1,"name":"Inici","item":"https:\/\/www.vilellarecicla.com\/ca\/"},{"@type":"ListItem","position":2,"name":"Recollida, transport i gesti\u00f3 de residus d&#8217;una nau"}]},{"@type":"WebSite","@id":"https:\/\/www.vilellarecicla.com\/ca\/#website","url":"https:\/\/www.vilellarecicla.com\/ca\/","name":"Vilella Recicla","description":"Transformem residus en recursos","publisher":{"@id":"https:\/\/www.vilellarecicla.com\/ca\/#organization"},"potentialAction":[{"@type":"SearchAction","target":{"@type":"EntryPoint","urlTemplate":"https:\/\/www.vilellarecicla.com\/ca\/?s={search_term_string}"},"query-input":{"@type":"PropertyValueSpecification","valueRequired":true,"valueName":"search_term_string"}}],"inLanguage":"ca"},{"@type":"Organization","@id":"https:\/\/www.vilellarecicla.com\/ca\/#organization","name":"Vilella Recicla","url":"https:\/\/www.vilellarecicla.com\/ca\/","logo":{"@type":"ImageObject","inLanguage":"ca","@id":"https:\/\/www.vilellarecicla.com\/ca\/#\/schema\/logo\/image\/","url":"https:\/\/www.vilellarecicla.com\/ca\/wp-content\/uploads\/sites\/4\/logo-Vilella_horitzontal.svg","contentUrl":"https:\/\/www.vilellarecicla.com\/ca\/wp-content\/uploads\/sites\/4\/logo-Vilella_horitzontal.svg","width":777,"height":153,"caption":"Vilella Recicla"},"image":{"@id":"https:\/\/www.vilellarecicla.com\/ca\/#\/schema\/logo\/image\/"}},{"@type":"Person","@id":"https:\/\/www.vilellarecicla.com\/ca\/#\/schema\/person\/9e267f5965841e2ab22c3f9162bed98e","name":"calzbert","image":{"@type":"ImageObject","inLanguage":"ca","@id":"https:\/\/secure.gravatar.com\/avatar\/8308968730156d803928d4e2ae35f47131453f7621f4b4a95014be6878e51f76?s=96&d=mm&r=g","url":"https:\/\/secure.gravatar.com\/avatar\/8308968730156d803928d4e2ae35f47131453f7621f4b4a95014be6878e51f76?s=96&d=mm&r=g","contentUrl":"https:\/\/secure.gravatar.com\/avatar\/8308968730156d803928d4e2ae35f47131453f7621f4b4a95014be6878e51f76?s=96&d=mm&r=g","caption":"calzbert"},"sameAs":["https:\/\/www.vilellarecicla.com"]}]}},"_links":{"self":[{"href":"https:\/\/www.vilellarecicla.com\/ca\/wp-json\/wp\/v2\/posts\/790","targetHints":{"allow":["GET"]}}],"collection":[{"href":"https:\/\/www.vilellarecicla.com\/ca\/wp-json\/wp\/v2\/posts"}],"about":[{"href":"https:\/\/www.vilellarecicla.com\/ca\/wp-json\/wp\/v2\/types\/post"}],"author":[{"embeddable":true,"href":"https:\/\/www.vilellarecicla.com\/ca\/wp-json\/wp\/v2\/users\/1"}],"replies":[{"embeddable":true,"href":"https:\/\/www.vilellarecicla.com\/ca\/wp-json\/wp\/v2\/comments?post=790"}],"version-history":[{"count":2,"href":"https:\/\/www.vilellarecicla.com\/ca\/wp-json\/wp\/v2\/posts\/790\/revisions"}],"predecessor-version":[{"id":793,"href":"https:\/\/www.vilellarecicla.com\/ca\/wp-json\/wp\/v2\/posts\/790\/revisions\/793"}],"wp:featuredmedia":[{"embeddable":true,"href":"https:\/\/www.vilellarecicla.com\/ca\/wp-json\/wp\/v2\/media\/791"}],"wp:attachment":[{"href":"https:\/\/www.vilellarecicla.com\/ca\/wp-json\/wp\/v2\/media?parent=790"}],"wp:term":[{"taxonomy":"category","embeddable":true,"href":"https:\/\/www.vilellarecicla.com\/ca\/wp-json\/wp\/v2\/categories?post=790"},{"taxonomy":"post_tag","embeddable":true,"href":"https:\/\/www.vilellarecicla.com\/ca\/wp-json\/wp\/v2\/tags?post=790"}],"curies":[{"name":"wp","href":"https:\/\/api.w.org\/{rel}","templated":true}]}}