{"id":818,"date":"2024-06-19T23:34:47","date_gmt":"2024-06-19T21:34:47","guid":{"rendered":"https:\/\/www.vilellarecicla.com\/ca\/?p=818"},"modified":"2024-06-19T23:34:48","modified_gmt":"2024-06-19T21:34:48","slug":"desmuntatge-de-residus-ferrics-voluminosos","status":"publish","type":"post","link":"https:\/\/www.vilellarecicla.com\/ca\/desmuntatge-de-residus-ferrics-voluminosos\/","title":{"rendered":"Desmuntatge de residus f\u00e8rrics voluminosos"},"content":{"rendered":"\n<p>Ens desplacem amb la nostra maquin\u00e0ria al lloc que calgui per realitzar el desmuntatge, desballestament i la recollida dels materials valoritzables per al seu reciclatge com sitges, carcasses, turbines, remolcs i tot tipus d&#8217;objectes f\u00e8rrics i estructures de metall. Disposem dels recursos per fer aquest proc\u00e9s de manera r\u00e0pida i efica\u00e7, a m\u00e9s d&#8217;una gran experi\u00e8ncia en aquest tipus de feines amb residus voluminosos. Si necessites realitzar algun desmuntatge o desballestament estem al teu servei al 973 201 206 o a l&#8217;e-mail\u00a0<a href=\"mailto:info@vilellarecicla.com\" target=\"_blank\" rel=\"noreferrer noopener\">info@vilellarecicla.com<\/a><\/p>\n","protected":false},"excerpt":{"rendered":"<p>Ens desplacem amb la nostra maquin\u00e0ria al lloc que calgui per realitzar el desmuntatge, desballestament i la recollida dels materials valoritzables per al seu reciclatge com sitges, carcasses, turbines, remolcs i tot tipus d&#8217;objectes f\u00e8rrics i estructures de metall. Disposem dels recursos per fer aquest proc\u00e9s de manera r\u00e0pida i efica\u00e7, a m\u00e9s d&#8217;una gran [&hellip;]<\/p>\n","protected":false},"author":1,"featured_media":819,"comment_status":"closed","ping_status":"closed","sticky":false,"template":"","format":"standard","meta":{"footnotes":""},"categories":[1],"tags":[],"class_list":["post-818","post","type-post","status-publish","format-standard","has-post-thumbnail","hentry","category-actualitat"],"yoast_head":"<!-- This site is optimized with the Yoast SEO plugin v27.4 - https:\/\/yoast.com\/product\/yoast-seo-wordpress\/ -->\n<title>Desmuntatge de residus f\u00e8rrics voluminosos - Vilella Recicla<\/title>\n<meta name=\"robots\" content=\"index, follow, max-snippet:-1, max-image-preview:large, max-video-preview:-1\" \/>\n<link rel=\"canonical\" href=\"https:\/\/www.vilellarecicla.com\/ca\/desmuntatge-de-residus-ferrics-voluminosos\/\" \/>\n<meta property=\"og:locale\" content=\"ca_ES\" \/>\n<meta property=\"og:type\" content=\"article\" \/>\n<meta property=\"og:title\" content=\"Desmuntatge de residus f\u00e8rrics voluminosos - Vilella Recicla\" \/>\n<meta property=\"og:description\" content=\"Ens desplacem amb la nostra maquin\u00e0ria al lloc que calgui per realitzar el desmuntatge, desballestament i la recollida dels materials valoritzables per al seu reciclatge com sitges, carcasses, turbines, remolcs i tot tipus d&#8217;objectes f\u00e8rrics i estructures de metall. Disposem dels recursos per fer aquest proc\u00e9s de manera r\u00e0pida i efica\u00e7, a m\u00e9s d&#8217;una gran [&hellip;]\" \/>\n<meta property=\"og:url\" content=\"https:\/\/www.vilellarecicla.com\/ca\/desmuntatge-de-residus-ferrics-voluminosos\/\" \/>\n<meta property=\"og:site_name\" content=\"Vilella Recicla\" \/>\n<meta property=\"article:published_time\" content=\"2024-06-19T21:34:47+00:00\" \/>\n<meta property=\"article:modified_time\" content=\"2024-06-19T21:34:48+00:00\" \/>\n<meta property=\"og:image\" content=\"https:\/\/www.vilellarecicla.com\/ca\/wp-content\/uploads\/sites\/4\/desmuntatge.jpg\" \/>\n\t<meta property=\"og:image:width\" content=\"600\" \/>\n\t<meta property=\"og:image:height\" content=\"451\" \/>\n\t<meta property=\"og:image:type\" content=\"image\/jpeg\" \/>\n<meta name=\"author\" content=\"calzbert\" \/>\n<meta name=\"twitter:card\" content=\"summary_large_image\" \/>\n<meta name=\"twitter:label1\" content=\"Escrit per\" \/>\n\t<meta name=\"twitter:data1\" content=\"calzbert\" \/>\n<script type=\"application\/ld+json\" class=\"yoast-schema-graph\">{\"@context\":\"https:\\\/\\\/schema.org\",\"@graph\":[{\"@type\":\"Article\",\"@id\":\"https:\\\/\\\/www.vilellarecicla.com\\\/ca\\\/desmuntatge-de-residus-ferrics-voluminosos\\\/#article\",\"isPartOf\":{\"@id\":\"https:\\\/\\\/www.vilellarecicla.com\\\/ca\\\/desmuntatge-de-residus-ferrics-voluminosos\\\/\"},\"author\":{\"name\":\"calzbert\",\"@id\":\"https:\\\/\\\/www.vilellarecicla.com\\\/ca\\\/#\\\/schema\\\/person\\\/9e267f5965841e2ab22c3f9162bed98e\"},\"headline\":\"Desmuntatge de residus f\u00e8rrics voluminosos\",\"datePublished\":\"2024-06-19T21:34:47+00:00\",\"dateModified\":\"2024-06-19T21:34:48+00:00\",\"mainEntityOfPage\":{\"@id\":\"https:\\\/\\\/www.vilellarecicla.com\\\/ca\\\/desmuntatge-de-residus-ferrics-voluminosos\\\/\"},\"wordCount\":97,\"publisher\":{\"@id\":\"https:\\\/\\\/www.vilellarecicla.com\\\/ca\\\/#organization\"},\"image\":{\"@id\":\"https:\\\/\\\/www.vilellarecicla.com\\\/ca\\\/desmuntatge-de-residus-ferrics-voluminosos\\\/#primaryimage\"},\"thumbnailUrl\":\"https:\\\/\\\/www.vilellarecicla.com\\\/ca\\\/wp-content\\\/uploads\\\/sites\\\/4\\\/desmuntatge.jpg\",\"articleSection\":[\"Actualitat\"],\"inLanguage\":\"ca\"},{\"@type\":\"WebPage\",\"@id\":\"https:\\\/\\\/www.vilellarecicla.com\\\/ca\\\/desmuntatge-de-residus-ferrics-voluminosos\\\/\",\"url\":\"https:\\\/\\\/www.vilellarecicla.com\\\/ca\\\/desmuntatge-de-residus-ferrics-voluminosos\\\/\",\"name\":\"Desmuntatge de residus f\u00e8rrics voluminosos - Vilella Recicla\",\"isPartOf\":{\"@id\":\"https:\\\/\\\/www.vilellarecicla.com\\\/ca\\\/#website\"},\"primaryImageOfPage\":{\"@id\":\"https:\\\/\\\/www.vilellarecicla.com\\\/ca\\\/desmuntatge-de-residus-ferrics-voluminosos\\\/#primaryimage\"},\"image\":{\"@id\":\"https:\\\/\\\/www.vilellarecicla.com\\\/ca\\\/desmuntatge-de-residus-ferrics-voluminosos\\\/#primaryimage\"},\"thumbnailUrl\":\"https:\\\/\\\/www.vilellarecicla.com\\\/ca\\\/wp-content\\\/uploads\\\/sites\\\/4\\\/desmuntatge.jpg\",\"datePublished\":\"2024-06-19T21:34:47+00:00\",\"dateModified\":\"2024-06-19T21:34:48+00:00\",\"breadcrumb\":{\"@id\":\"https:\\\/\\\/www.vilellarecicla.com\\\/ca\\\/desmuntatge-de-residus-ferrics-voluminosos\\\/#breadcrumb\"},\"inLanguage\":\"ca\",\"potentialAction\":[{\"@type\":\"ReadAction\",\"target\":[\"https:\\\/\\\/www.vilellarecicla.com\\\/ca\\\/desmuntatge-de-residus-ferrics-voluminosos\\\/\"]}]},{\"@type\":\"ImageObject\",\"inLanguage\":\"ca\",\"@id\":\"https:\\\/\\\/www.vilellarecicla.com\\\/ca\\\/desmuntatge-de-residus-ferrics-voluminosos\\\/#primaryimage\",\"url\":\"https:\\\/\\\/www.vilellarecicla.com\\\/ca\\\/wp-content\\\/uploads\\\/sites\\\/4\\\/desmuntatge.jpg\",\"contentUrl\":\"https:\\\/\\\/www.vilellarecicla.com\\\/ca\\\/wp-content\\\/uploads\\\/sites\\\/4\\\/desmuntatge.jpg\",\"width\":600,\"height\":451},{\"@type\":\"BreadcrumbList\",\"@id\":\"https:\\\/\\\/www.vilellarecicla.com\\\/ca\\\/desmuntatge-de-residus-ferrics-voluminosos\\\/#breadcrumb\",\"itemListElement\":[{\"@type\":\"ListItem\",\"position\":1,\"name\":\"Inici\",\"item\":\"https:\\\/\\\/www.vilellarecicla.com\\\/ca\\\/\"},{\"@type\":\"ListItem\",\"position\":2,\"name\":\"Desmuntatge de residus f\u00e8rrics voluminosos\"}]},{\"@type\":\"WebSite\",\"@id\":\"https:\\\/\\\/www.vilellarecicla.com\\\/ca\\\/#website\",\"url\":\"https:\\\/\\\/www.vilellarecicla.com\\\/ca\\\/\",\"name\":\"Vilella Recicla\",\"description\":\"Transformem residus en recursos\",\"publisher\":{\"@id\":\"https:\\\/\\\/www.vilellarecicla.com\\\/ca\\\/#organization\"},\"potentialAction\":[{\"@type\":\"SearchAction\",\"target\":{\"@type\":\"EntryPoint\",\"urlTemplate\":\"https:\\\/\\\/www.vilellarecicla.com\\\/ca\\\/?s={search_term_string}\"},\"query-input\":{\"@type\":\"PropertyValueSpecification\",\"valueRequired\":true,\"valueName\":\"search_term_string\"}}],\"inLanguage\":\"ca\"},{\"@type\":\"Organization\",\"@id\":\"https:\\\/\\\/www.vilellarecicla.com\\\/ca\\\/#organization\",\"name\":\"Vilella Recicla\",\"url\":\"https:\\\/\\\/www.vilellarecicla.com\\\/ca\\\/\",\"logo\":{\"@type\":\"ImageObject\",\"inLanguage\":\"ca\",\"@id\":\"https:\\\/\\\/www.vilellarecicla.com\\\/ca\\\/#\\\/schema\\\/logo\\\/image\\\/\",\"url\":\"https:\\\/\\\/www.vilellarecicla.com\\\/ca\\\/wp-content\\\/uploads\\\/sites\\\/4\\\/logo-Vilella_horitzontal.svg\",\"contentUrl\":\"https:\\\/\\\/www.vilellarecicla.com\\\/ca\\\/wp-content\\\/uploads\\\/sites\\\/4\\\/logo-Vilella_horitzontal.svg\",\"width\":777,\"height\":153,\"caption\":\"Vilella Recicla\"},\"image\":{\"@id\":\"https:\\\/\\\/www.vilellarecicla.com\\\/ca\\\/#\\\/schema\\\/logo\\\/image\\\/\"}},{\"@type\":\"Person\",\"@id\":\"https:\\\/\\\/www.vilellarecicla.com\\\/ca\\\/#\\\/schema\\\/person\\\/9e267f5965841e2ab22c3f9162bed98e\",\"name\":\"calzbert\",\"image\":{\"@type\":\"ImageObject\",\"inLanguage\":\"ca\",\"@id\":\"https:\\\/\\\/secure.gravatar.com\\\/avatar\\\/8308968730156d803928d4e2ae35f47131453f7621f4b4a95014be6878e51f76?s=96&d=mm&r=g\",\"url\":\"https:\\\/\\\/secure.gravatar.com\\\/avatar\\\/8308968730156d803928d4e2ae35f47131453f7621f4b4a95014be6878e51f76?s=96&d=mm&r=g\",\"contentUrl\":\"https:\\\/\\\/secure.gravatar.com\\\/avatar\\\/8308968730156d803928d4e2ae35f47131453f7621f4b4a95014be6878e51f76?s=96&d=mm&r=g\",\"caption\":\"calzbert\"},\"sameAs\":[\"https:\\\/\\\/www.vilellarecicla.com\"]}]}<\/script>\n<!-- \/ Yoast SEO plugin. -->","yoast_head_json":{"title":"Desmuntatge de residus f\u00e8rrics voluminosos - Vilella Recicla","robots":{"index":"index","follow":"follow","max-snippet":"max-snippet:-1","max-image-preview":"max-image-preview:large","max-video-preview":"max-video-preview:-1"},"canonical":"https:\/\/www.vilellarecicla.com\/ca\/desmuntatge-de-residus-ferrics-voluminosos\/","og_locale":"ca_ES","og_type":"article","og_title":"Desmuntatge de residus f\u00e8rrics voluminosos - Vilella Recicla","og_description":"Ens desplacem amb la nostra maquin\u00e0ria al lloc que calgui per realitzar el desmuntatge, desballestament i la recollida dels materials valoritzables per al seu reciclatge com sitges, carcasses, turbines, remolcs i tot tipus d&#8217;objectes f\u00e8rrics i estructures de metall. Disposem dels recursos per fer aquest proc\u00e9s de manera r\u00e0pida i efica\u00e7, a m\u00e9s d&#8217;una gran [&hellip;]","og_url":"https:\/\/www.vilellarecicla.com\/ca\/desmuntatge-de-residus-ferrics-voluminosos\/","og_site_name":"Vilella Recicla","article_published_time":"2024-06-19T21:34:47+00:00","article_modified_time":"2024-06-19T21:34:48+00:00","og_image":[{"width":600,"height":451,"url":"https:\/\/www.vilellarecicla.com\/ca\/wp-content\/uploads\/sites\/4\/desmuntatge.jpg","type":"image\/jpeg"}],"author":"calzbert","twitter_card":"summary_large_image","twitter_misc":{"Escrit per":"calzbert"},"schema":{"@context":"https:\/\/schema.org","@graph":[{"@type":"Article","@id":"https:\/\/www.vilellarecicla.com\/ca\/desmuntatge-de-residus-ferrics-voluminosos\/#article","isPartOf":{"@id":"https:\/\/www.vilellarecicla.com\/ca\/desmuntatge-de-residus-ferrics-voluminosos\/"},"author":{"name":"calzbert","@id":"https:\/\/www.vilellarecicla.com\/ca\/#\/schema\/person\/9e267f5965841e2ab22c3f9162bed98e"},"headline":"Desmuntatge de residus f\u00e8rrics voluminosos","datePublished":"2024-06-19T21:34:47+00:00","dateModified":"2024-06-19T21:34:48+00:00","mainEntityOfPage":{"@id":"https:\/\/www.vilellarecicla.com\/ca\/desmuntatge-de-residus-ferrics-voluminosos\/"},"wordCount":97,"publisher":{"@id":"https:\/\/www.vilellarecicla.com\/ca\/#organization"},"image":{"@id":"https:\/\/www.vilellarecicla.com\/ca\/desmuntatge-de-residus-ferrics-voluminosos\/#primaryimage"},"thumbnailUrl":"https:\/\/www.vilellarecicla.com\/ca\/wp-content\/uploads\/sites\/4\/desmuntatge.jpg","articleSection":["Actualitat"],"inLanguage":"ca"},{"@type":"WebPage","@id":"https:\/\/www.vilellarecicla.com\/ca\/desmuntatge-de-residus-ferrics-voluminosos\/","url":"https:\/\/www.vilellarecicla.com\/ca\/desmuntatge-de-residus-ferrics-voluminosos\/","name":"Desmuntatge de residus f\u00e8rrics voluminosos - Vilella Recicla","isPartOf":{"@id":"https:\/\/www.vilellarecicla.com\/ca\/#website"},"primaryImageOfPage":{"@id":"https:\/\/www.vilellarecicla.com\/ca\/desmuntatge-de-residus-ferrics-voluminosos\/#primaryimage"},"image":{"@id":"https:\/\/www.vilellarecicla.com\/ca\/desmuntatge-de-residus-ferrics-voluminosos\/#primaryimage"},"thumbnailUrl":"https:\/\/www.vilellarecicla.com\/ca\/wp-content\/uploads\/sites\/4\/desmuntatge.jpg","datePublished":"2024-06-19T21:34:47+00:00","dateModified":"2024-06-19T21:34:48+00:00","breadcrumb":{"@id":"https:\/\/www.vilellarecicla.com\/ca\/desmuntatge-de-residus-ferrics-voluminosos\/#breadcrumb"},"inLanguage":"ca","potentialAction":[{"@type":"ReadAction","target":["https:\/\/www.vilellarecicla.com\/ca\/desmuntatge-de-residus-ferrics-voluminosos\/"]}]},{"@type":"ImageObject","inLanguage":"ca","@id":"https:\/\/www.vilellarecicla.com\/ca\/desmuntatge-de-residus-ferrics-voluminosos\/#primaryimage","url":"https:\/\/www.vilellarecicla.com\/ca\/wp-content\/uploads\/sites\/4\/desmuntatge.jpg","contentUrl":"https:\/\/www.vilellarecicla.com\/ca\/wp-content\/uploads\/sites\/4\/desmuntatge.jpg","width":600,"height":451},{"@type":"BreadcrumbList","@id":"https:\/\/www.vilellarecicla.com\/ca\/desmuntatge-de-residus-ferrics-voluminosos\/#breadcrumb","itemListElement":[{"@type":"ListItem","position":1,"name":"Inici","item":"https:\/\/www.vilellarecicla.com\/ca\/"},{"@type":"ListItem","position":2,"name":"Desmuntatge de residus f\u00e8rrics voluminosos"}]},{"@type":"WebSite","@id":"https:\/\/www.vilellarecicla.com\/ca\/#website","url":"https:\/\/www.vilellarecicla.com\/ca\/","name":"Vilella Recicla","description":"Transformem residus en recursos","publisher":{"@id":"https:\/\/www.vilellarecicla.com\/ca\/#organization"},"potentialAction":[{"@type":"SearchAction","target":{"@type":"EntryPoint","urlTemplate":"https:\/\/www.vilellarecicla.com\/ca\/?s={search_term_string}"},"query-input":{"@type":"PropertyValueSpecification","valueRequired":true,"valueName":"search_term_string"}}],"inLanguage":"ca"},{"@type":"Organization","@id":"https:\/\/www.vilellarecicla.com\/ca\/#organization","name":"Vilella Recicla","url":"https:\/\/www.vilellarecicla.com\/ca\/","logo":{"@type":"ImageObject","inLanguage":"ca","@id":"https:\/\/www.vilellarecicla.com\/ca\/#\/schema\/logo\/image\/","url":"https:\/\/www.vilellarecicla.com\/ca\/wp-content\/uploads\/sites\/4\/logo-Vilella_horitzontal.svg","contentUrl":"https:\/\/www.vilellarecicla.com\/ca\/wp-content\/uploads\/sites\/4\/logo-Vilella_horitzontal.svg","width":777,"height":153,"caption":"Vilella Recicla"},"image":{"@id":"https:\/\/www.vilellarecicla.com\/ca\/#\/schema\/logo\/image\/"}},{"@type":"Person","@id":"https:\/\/www.vilellarecicla.com\/ca\/#\/schema\/person\/9e267f5965841e2ab22c3f9162bed98e","name":"calzbert","image":{"@type":"ImageObject","inLanguage":"ca","@id":"https:\/\/secure.gravatar.com\/avatar\/8308968730156d803928d4e2ae35f47131453f7621f4b4a95014be6878e51f76?s=96&d=mm&r=g","url":"https:\/\/secure.gravatar.com\/avatar\/8308968730156d803928d4e2ae35f47131453f7621f4b4a95014be6878e51f76?s=96&d=mm&r=g","contentUrl":"https:\/\/secure.gravatar.com\/avatar\/8308968730156d803928d4e2ae35f47131453f7621f4b4a95014be6878e51f76?s=96&d=mm&r=g","caption":"calzbert"},"sameAs":["https:\/\/www.vilellarecicla.com"]}]}},"_links":{"self":[{"href":"https:\/\/www.vilellarecicla.com\/ca\/wp-json\/wp\/v2\/posts\/818","targetHints":{"allow":["GET"]}}],"collection":[{"href":"https:\/\/www.vilellarecicla.com\/ca\/wp-json\/wp\/v2\/posts"}],"about":[{"href":"https:\/\/www.vilellarecicla.com\/ca\/wp-json\/wp\/v2\/types\/post"}],"author":[{"embeddable":true,"href":"https:\/\/www.vilellarecicla.com\/ca\/wp-json\/wp\/v2\/users\/1"}],"replies":[{"embeddable":true,"href":"https:\/\/www.vilellarecicla.com\/ca\/wp-json\/wp\/v2\/comments?post=818"}],"version-history":[{"count":1,"href":"https:\/\/www.vilellarecicla.com\/ca\/wp-json\/wp\/v2\/posts\/818\/revisions"}],"predecessor-version":[{"id":820,"href":"https:\/\/www.vilellarecicla.com\/ca\/wp-json\/wp\/v2\/posts\/818\/revisions\/820"}],"wp:featuredmedia":[{"embeddable":true,"href":"https:\/\/www.vilellarecicla.com\/ca\/wp-json\/wp\/v2\/media\/819"}],"wp:attachment":[{"href":"https:\/\/www.vilellarecicla.com\/ca\/wp-json\/wp\/v2\/media?parent=818"}],"wp:term":[{"taxonomy":"category","embeddable":true,"href":"https:\/\/www.vilellarecicla.com\/ca\/wp-json\/wp\/v2\/categories?post=818"},{"taxonomy":"post_tag","embeddable":true,"href":"https:\/\/www.vilellarecicla.com\/ca\/wp-json\/wp\/v2\/tags?post=818"}],"curies":[{"name":"wp","href":"https:\/\/api.w.org\/{rel}","templated":true}]}}